{"id":1776,"date":"2025-07-26T15:18:57","date_gmt":"2025-07-26T15:18:57","guid":{"rendered":"https:\/\/espaciodigitalrd.com\/?p=1776"},"modified":"2025-07-26T15:18:58","modified_gmt":"2025-07-26T15:18:58","slug":"cepedsc-premia-a-las-7-empresas-mas-destacadas-de-san-cristobal-en-el-reconocimiento-al-merito-empresarial-2025","status":"publish","type":"post","link":"https:\/\/espaciodigitalrd.com\/index.php\/2025\/07\/26\/cepedsc-premia-a-las-7-empresas-mas-destacadas-de-san-cristobal-en-el-reconocimiento-al-merito-empresarial-2025\/","title":{"rendered":"CEPEDSC premia a las 7 empresas m\u00e1s destacadas de San Crist\u00f3bal en el \u00abReconocimiento al M\u00e9rito Empresarial 2025\u00bb"},"content":{"rendered":"\n<p><strong>Con un emotivo evento, se celebr\u00f3 a las entidades que han superado desaf\u00edos, generado empleos y fortalecido la econom\u00eda local._<br><\/strong><br>Bajo el lema \u201cCelebramos el esfuerzo, proyectamos el futuro\u201d, el Consejo Empresarial por el Desarrollo de San Crist\u00f3bal (CEPEDSC) celebr\u00f3 este jueves 24 de julio el Reconocimiento al M\u00e9rito Empresarial 2025, un evento que rindi\u00f3 homenaje a las siete entidades m\u00e1s destacadas por su contribuci\u00f3n al crecimiento econ\u00f3mico y social de la provincia. Estas, a pesar de las adversidades, han logrado mantenerse operativas, generar empleos y tener un impacto positivo en la comunidad.<br><br><br>Con la presencia de la vicepresidenta de la Rep\u00fablica, Raquel Pe\u00f1a, esta cuarta versi\u00f3n de la premiaci\u00f3n se realiz\u00f3 en el Auditorio Menor Prof. Rafael Amarabis Suero del Instituto Polit\u00e9cnico Loyola, donde la vicemandataria asegur\u00f3 que San Crist\u00f3bal ha sido siempre un s\u00edmbolo de institucionalidad, productividad, libertad y coraje, reflejado esto en cifras, ya que esta provincia cuenta con m\u00e1s de 6,500 MIPYMES que dinamizan la econom\u00eda local y crean valor con cada idea convertida en acci\u00f3n.<br><br><br>Pe\u00f1a agreg\u00f3 que San Crist\u00f3bal es adem\u00e1s, la segunda provincia del pa\u00eds en exportaciones, generando m\u00e1s de 2,500 millones de d\u00f3lares al a\u00f1o, y aportando junto a Santo Domingo m\u00e1s del 70% de las exportaciones hacia Estados Unidos y Puerto Rico y que est\u00e1, la cuna de la Constituci\u00f3n, aporta m\u00e1s del 11% de las exportaciones en el rengl\u00f3n de oro y piedras preciosas, el 53% en aparatos de \u00f3ptica, fotograf\u00eda y cinematograf\u00eda, as\u00ed como el 67.7% en m\u00e1quinas y equipos el\u00e9ctricos.<br><br><br>\u201cEste dinamismo responde al compromiso de empresarios que han tenido la visi\u00f3nde reinventarse, apostar por nuevas tecnolog\u00edas, capacitar a su gente y generar un impacto positivo en sus comunidades. En nuestro gobierno, tenemos la visi\u00f3n de un pa\u00eds que crece desde lo local, que se transforma con su gente y que cree en su capacidad de construir mejores realidades\u201d, dijo Raquel Pe\u00f1a.<br><br><br>De su lado,&nbsp; el presidente del CEPEDSC, Vlamirdi Ruiz de la Rosa, felicit\u00f3 a los galardonados, destacando que sus historias son un reflejo del compromiso y el liderazgo empresarial que caracteriza a San Crist\u00f3bal.<br><br><br>\u201cCelebramos a todos los premiados por su esfuerzo incansable y su dedicaci\u00f3n. Este evento tambi\u00e9n es una oportunidad para reconocer a aquellos que, con constancia y pasi\u00f3n, est\u00e1n dando forma al futuro de nuestra provincia. Agradecemos profundamente a todas las empresas postuladas, ya que su entusiasmo y participaci\u00f3n enriquecen este proceso y reafirman que en San Crist\u00f3bal hay futuro, liderazgo y compromiso\u201d, expres\u00f3.<br><br><br><br>Uno de los momentos m\u00e1s emotivos de la noche fue el homenaje p\u00f3stumo al destacado empresario William S\u00e1nchez, reconocido por su liderazgo en el sector comercial y su invaluable aporte al dinamismo econ\u00f3mico de San Crist\u00f3bal. Su legado, aseguraron los organizadores, seguir\u00e1 siendo una fuente de inspiraci\u00f3n para las generaciones venideras.<br><br><br>*<strong>Entidades galardonadas*<br><br><\/strong><br>En el rengl\u00f3n Comercio, fue premiado el Supermercado Saomy, por su crecimiento exponencial, diversidad de servicios, innovaciones e impacto en la productividad local durante sus 12 a\u00f1os de trayectoria.<br><br><br>En la categor\u00eda Industrial, el reconocimiento fue otorgado a la empresa Blocks Garc\u00eda, por su impacto, evoluci\u00f3n y crecimiento a lo largo de sus 35 a\u00f1os de actividad.<br><br>El rengl\u00f3n Emprendedurismo, cuya estatuilla fue entregada por la vicepresidenta Raquel Pe\u00f1a, fue otorgado a la Cl\u00ednica de Ojos Veo por su impacto e innovaci\u00f3n en el \u00e1mbito de la salud oftalmol\u00f3gica, logrados durante sus cinco a\u00f1os de funcionamiento.<br><br><br>En la categor\u00eda Responsabilidad Social, fue distinguida la Tienda Bebitos, por su compromiso con la comunidad, as\u00ed como por los aportes e iniciativas generadas en beneficio de los m\u00e1s necesitados.<br><br><br>En el \u00e1rea de Servicios, fueron premiados el Centro Educativo Ronda del Saber, por sus contribuciones al \u00e1mbito educativo de los ni\u00f1os y adolescentes de San Crist\u00f3bal, basadas en la alta calidad de los servicios ofrecidos durante sus 30 a\u00f1os de trayectoria; y la empresa Servicios de Limpieza y Operaciones Gonz\u00e1lez V\u00e1zquez (Servilimpio), por sus innovaciones y aportes durante 22 a\u00f1os, logrando penetrar a mercados de alto nivel.<br><br><br>En el rengl\u00f3n Construcci\u00f3n\/Inmobiliaria, el galard\u00f3n fue otorgado a la Constructora CONNNUVAL, por sus innovaciones y aportes al impulso y dinamizaci\u00f3n del sector inmobiliario, as\u00ed como su impacto y crecimiento durante sus 15 a\u00f1os de funcionamiento.<br><br><br>Al evento asistieron tambi\u00e9n miembros y directivos del Consejo Empresarial, la gobernadora civil, Pura Casilla; el senador Gustavo Lara Salazar; el alcalde de San Crist\u00f3bal, Nelson de la Rosa; la vicealcaldesa, Eva Nina; el administrador de la Empresa de Generaci\u00f3n Hidroel\u00e9ctrica, Rafael Salazar; el presidente de la C\u00e1mara de Comercio y Producci\u00f3n local, Ram\u00f3n Mont\u00e1s, entre otras autoridades y personalidades.&nbsp;<\/p>\n","protected":false},"excerpt":{"rendered":"<p>Con un emotivo evento, se celebr\u00f3 a las entidades que han superado desaf\u00edos, generado empleos y fortalecido la econom\u00eda local._Bajo el lema \u201cCelebramos el esfuerzo, proyectamos el futuro\u201d, el Consejo&hellip;<\/p>\n","protected":false},"author":2,"featured_media":1777,"comment_status":"open","ping_status":"open","sticky":false,"template":"","format":"standard","meta":{"_lmt_disableupdate":"","_lmt_disable":"","footnotes":""},"categories":[2],"tags":[],"class_list":["post-1776","post","type-post","status-publish","format-standard","has-post-thumbnail","hentry","category-amenidades"],"_links":{"self":[{"href":"https:\/\/espaciodigitalrd.com\/index.php\/wp-json\/wp\/v2\/posts\/1776","targetHints":{"allow":["GET"]}}],"collection":[{"href":"https:\/\/espaciodigitalrd.com\/index.php\/wp-json\/wp\/v2\/posts"}],"about":[{"href":"https:\/\/espaciodigitalrd.com\/index.php\/wp-json\/wp\/v2\/types\/post"}],"author":[{"embeddable":true,"href":"https:\/\/espaciodigitalrd.com\/index.php\/wp-json\/wp\/v2\/users\/2"}],"replies":[{"embeddable":true,"href":"https:\/\/espaciodigitalrd.com\/index.php\/wp-json\/wp\/v2\/comments?post=1776"}],"version-history":[{"count":1,"href":"https:\/\/espaciodigitalrd.com\/index.php\/wp-json\/wp\/v2\/posts\/1776\/revisions"}],"predecessor-version":[{"id":1778,"href":"https:\/\/espaciodigitalrd.com\/index.php\/wp-json\/wp\/v2\/posts\/1776\/revisions\/1778"}],"wp:featuredmedia":[{"embeddable":true,"href":"https:\/\/espaciodigitalrd.com\/index.php\/wp-json\/wp\/v2\/media\/1777"}],"wp:attachment":[{"href":"https:\/\/espaciodigitalrd.com\/index.php\/wp-json\/wp\/v2\/media?parent=1776"}],"wp:term":[{"taxonomy":"category","embeddable":true,"href":"https:\/\/espaciodigitalrd.com\/index.php\/wp-json\/wp\/v2\/categories?post=1776"},{"taxonomy":"post_tag","embeddable":true,"href":"https:\/\/espaciodigitalrd.com\/index.php\/wp-json\/wp\/v2\/tags?post=1776"}],"curies":[{"name":"wp","href":"https:\/\/api.w.org\/{rel}","templated":true}]}}