{"id":1780,"date":"2025-07-27T15:58:16","date_gmt":"2025-07-27T15:58:16","guid":{"rendered":"https:\/\/espaciodigitalrd.com\/?p=1780"},"modified":"2025-07-27T15:58:16","modified_gmt":"2025-07-27T15:58:16","slug":"presidente-luis-abinader-entrega-reconstruido-el-canal-de-riego-ysura-en-azua","status":"publish","type":"post","link":"https:\/\/espaciodigitalrd.com\/index.php\/2025\/07\/27\/presidente-luis-abinader-entrega-reconstruido-el-canal-de-riego-ysura-en-azua\/","title":{"rendered":"Presidente Luis Abinader entrega reconstruido el canal de riego Ysura en Azua"},"content":{"rendered":"\n<p>Con la presencia del presidente de la Rep\u00fablica, Luis Abinader, la Empresa de<\/p>\n\n\n\n<p>Generaci\u00f3n Hidroel\u00e9ctrica Dominicana (EGEHID), el Instituto Nacional de Recursos Hidr\u00e1ulicos (INDRHI) y el Consejo Provincial de Administraci\u00f3n para el Fondo de la Central Hidroel\u00e9ctrica Los Toros (FCHLT) entregaron rehabilitados 7.4 kil\u00f3metros del canal de riego Ysura, en la provincia de Azua.<br>La obra conllev\u00f3 una inversi\u00f3n de RD$ 601,778,543.90.<br>Incluy\u00f3 la limpieza y extracci\u00f3n de sedimentos, demolici\u00f3n de tramos deteriorados, revestimiento con concreto en taludes y piso del canal, hormig\u00f3n de revestimiento del canal en 7.4 kil\u00f3metros en secci\u00f3n continua.<br>De igual modo, los trabajos en otros 7.6 kil\u00f3metros en tramos discontinuos (puntos cr\u00edticos), consistieron en la construcci\u00f3n de juntas, reparaciones con mamposter\u00eda y hormig\u00f3n cicl\u00f3peo, rehabilitaci\u00f3n y construcci\u00f3n de compuertas, rehabilitaci\u00f3n de bermas, incluyendo desmonte, corte, bote de material inservible, relleno con material clasificado para mejoramiento de la rasante y doble imprimaci\u00f3n en berma, adem\u00e1s incluy\u00f3 construcci\u00f3n de gaviones y acometidas para riego.<br>De igual modo, se incluy\u00f3 la construcci\u00f3n de compuertas deslizantes en acero inoxidable y rehabilitaci\u00f3n de compuertas radiales en la obra de toma y los sifones del canal.<br>La obra tiene un impacto positivo para productores agropecuarios de Villarpando, donde se celebr\u00f3 el acto inaugural, as\u00ed como de Las Yayas, La Cueva, Amiama G\u00f3mez, T\u00e1bara Arriba y Los Toros, entre otras comunidades de Azua.<br>Por a\u00f1os la rehabilitaci\u00f3n del canal Ysura fue una obra demandada por los productores agropecuarios, por ser el agua de riego de alta importancia para la producci\u00f3n de alimentos y la cr\u00eda de ganado.<br>Azua es una provincia eminentemente agr\u00edcola, resaltando la producci\u00f3n de pl\u00e1tanos, tomates, cebollas, aguacates, entre otros rubros, contribuyendo significativamente con la seguridad alimentaria del pa\u00eds, incluyendo el sector tur\u00edstico, que mantiene una demanda creciente de productos alimenticios.<br><br>Discurso administrador de EGEHID<br>En su discurso, el administrador de EGEHID, ingeniero Rafael Salazar, destac\u00f3 la importancia de la obra para las comunidades, ya que el uso del agua impulsa la producci\u00f3n agr\u00edcola en miles de tareas, adem\u00e1s de que impacta en cinco acueductos.<br>Resalt\u00f3 que con los trabajos realizados en el tramo inaugurado del canal Ysura, se aument\u00f3 en un 50 por ciento la disponibilidad de agua del sistema, ampliando su capacidad para regar m\u00e1s predios agr\u00edcolas.<br>Inst\u00f3 a la Junta de Regantes a cuidar la obra y que no permita intervenciones irregulares.<br>\u201cCon m\u00e1s agua hay m\u00e1s producci\u00f3n, hay m\u00e1s riqueza y eso es lo que la gente necesita\u201d, puntualiz\u00f3 Salazar.<br>En la ceremonia inaugural estuvieron el director del INDRHI, ingeniero Olmedo Caba; la gobernadora de Azua, Mar\u00eda Minerva Navarro; la senadora L\u00eda D\u00edaz y Heriberto Senci\u00f3n, director de la Junta Distrital de Villarpando.&nbsp;<\/p>\n\n\n\n<figure class=\"wp-block-table\"><div class=\"pcrstb-wrap\"><table class=\"has-fixed-layout\"><tbody><tr><td><\/td><td><\/td><\/tr><\/tbody><\/table><\/div><\/figure>\n\n\n\n\n\n<figure class=\"wp-block-image size-large\"><img fetchpriority=\"high\" decoding=\"async\" width=\"1024\" height=\"682\" src=\"https:\/\/espaciodigitalrd.com\/wp-content\/uploads\/2025\/07\/abinader3-1024x682.jpg\" alt=\"\" class=\"wp-image-1782\" srcset=\"https:\/\/espaciodigitalrd.com\/wp-content\/uploads\/2025\/07\/abinader3-1024x682.jpg 1024w, https:\/\/espaciodigitalrd.com\/wp-content\/uploads\/2025\/07\/abinader3-300x200.jpg 300w, https:\/\/espaciodigitalrd.com\/wp-content\/uploads\/2025\/07\/abinader3-768x512.jpg 768w, https:\/\/espaciodigitalrd.com\/wp-content\/uploads\/2025\/07\/abinader3-1536x1023.jpg 1536w, https:\/\/espaciodigitalrd.com\/wp-content\/uploads\/2025\/07\/abinader3-1170x780.jpg 1170w, https:\/\/espaciodigitalrd.com\/wp-content\/uploads\/2025\/07\/abinader3-585x390.jpg 585w, https:\/\/espaciodigitalrd.com\/wp-content\/uploads\/2025\/07\/abinader3-263x175.jpg 263w, https:\/\/espaciodigitalrd.com\/wp-content\/uploads\/2025\/07\/abinader3.jpg 1600w\" sizes=\"(max-width: 1024px) 100vw, 1024px\" \/><\/figure>\n\n\n\n<figure class=\"wp-block-image size-large\"><img decoding=\"async\" width=\"1024\" height=\"682\" src=\"https:\/\/espaciodigitalrd.com\/wp-content\/uploads\/2025\/07\/abinadeer2-1024x682.jpg\" alt=\"\" class=\"wp-image-1783\" srcset=\"https:\/\/espaciodigitalrd.com\/wp-content\/uploads\/2025\/07\/abinadeer2-1024x682.jpg 1024w, https:\/\/espaciodigitalrd.com\/wp-content\/uploads\/2025\/07\/abinadeer2-300x200.jpg 300w, https:\/\/espaciodigitalrd.com\/wp-content\/uploads\/2025\/07\/abinadeer2-768x512.jpg 768w, https:\/\/espaciodigitalrd.com\/wp-content\/uploads\/2025\/07\/abinadeer2-1536x1023.jpg 1536w, https:\/\/espaciodigitalrd.com\/wp-content\/uploads\/2025\/07\/abinadeer2-1170x780.jpg 1170w, https:\/\/espaciodigitalrd.com\/wp-content\/uploads\/2025\/07\/abinadeer2-585x390.jpg 585w, https:\/\/espaciodigitalrd.com\/wp-content\/uploads\/2025\/07\/abinadeer2-263x175.jpg 263w, https:\/\/espaciodigitalrd.com\/wp-content\/uploads\/2025\/07\/abinadeer2.jpg 1600w\" sizes=\"(max-width: 1024px) 100vw, 1024px\" \/><\/figure>\n","protected":false},"excerpt":{"rendered":"<p>Con la presencia del presidente de la Rep\u00fablica, Luis Abinader, la Empresa de Generaci\u00f3n Hidroel\u00e9ctrica Dominicana (EGEHID), el Instituto Nacional de Recursos Hidr\u00e1ulicos (INDRHI) y el Consejo Provincial de Administraci\u00f3n&hellip;<\/p>\n","protected":false},"author":2,"featured_media":1781,"comment_status":"open","ping_status":"open","sticky":false,"template":"","format":"standard","meta":{"_lmt_disableupdate":"","_lmt_disable":"","footnotes":""},"categories":[3],"tags":[],"class_list":["post-1780","post","type-post","status-publish","format-standard","has-post-thumbnail","hentry","category-actualidad"],"_links":{"self":[{"href":"https:\/\/espaciodigitalrd.com\/index.php\/wp-json\/wp\/v2\/posts\/1780","targetHints":{"allow":["GET"]}}],"collection":[{"href":"https:\/\/espaciodigitalrd.com\/index.php\/wp-json\/wp\/v2\/posts"}],"about":[{"href":"https:\/\/espaciodigitalrd.com\/index.php\/wp-json\/wp\/v2\/types\/post"}],"author":[{"embeddable":true,"href":"https:\/\/espaciodigitalrd.com\/index.php\/wp-json\/wp\/v2\/users\/2"}],"replies":[{"embeddable":true,"href":"https:\/\/espaciodigitalrd.com\/index.php\/wp-json\/wp\/v2\/comments?post=1780"}],"version-history":[{"count":1,"href":"https:\/\/espaciodigitalrd.com\/index.php\/wp-json\/wp\/v2\/posts\/1780\/revisions"}],"predecessor-version":[{"id":1784,"href":"https:\/\/espaciodigitalrd.com\/index.php\/wp-json\/wp\/v2\/posts\/1780\/revisions\/1784"}],"wp:featuredmedia":[{"embeddable":true,"href":"https:\/\/espaciodigitalrd.com\/index.php\/wp-json\/wp\/v2\/media\/1781"}],"wp:attachment":[{"href":"https:\/\/espaciodigitalrd.com\/index.php\/wp-json\/wp\/v2\/media?parent=1780"}],"wp:term":[{"taxonomy":"category","embeddable":true,"href":"https:\/\/espaciodigitalrd.com\/index.php\/wp-json\/wp\/v2\/categories?post=1780"},{"taxonomy":"post_tag","embeddable":true,"href":"https:\/\/espaciodigitalrd.com\/index.php\/wp-json\/wp\/v2\/tags?post=1780"}],"curies":[{"name":"wp","href":"https:\/\/api.w.org\/{rel}","templated":true}]}}