{"id":1791,"date":"2025-07-28T16:26:57","date_gmt":"2025-07-28T16:26:57","guid":{"rendered":"https:\/\/espaciodigitalrd.com\/?p=1791"},"modified":"2025-07-28T16:26:58","modified_gmt":"2025-07-28T16:26:58","slug":"edesur-inicio-a-colocar-249-lamparas-led-en-25-barrios-de-san-cristobal","status":"publish","type":"post","link":"https:\/\/espaciodigitalrd.com\/index.php\/2025\/07\/28\/edesur-inicio-a-colocar-249-lamparas-led-en-25-barrios-de-san-cristobal\/","title":{"rendered":"Edesur inici\u00f3 a colocar 249 l\u00e1mparas LED en 25 barrios de San Crist\u00f3bal"},"content":{"rendered":"\n<p><strong>La colocaci\u00f3n de luminarias busca mejorar la visibilidad en las calles, fortalecer la seguridad ciudadana<\/strong>_<br><br>Edesur Dominicana inici\u00f3 la instalaci\u00f3n de 249 l\u00e1mparas Led en 25 barrios del municipio de San Crist\u00f3bal, como parte del programa \u201cEl Gobierno Contigo\u201d, una iniciativa del presidente Luis Abinader para dar respuesta directa a las necesidades planteadas por las comunidades.<br><br>La colocaci\u00f3n de luminarias busca mejorar la visibilidad en las calles, fortalecer la seguridad ciudadana y elevar la calidad de vida de los habitantes en zonas hist\u00f3ricamente desatendidas.<br><br>En esta primera etapa, ya han sido impactados los sectores Do\u00f1a Chucha con 10 l\u00e1mparas; El Fondo 10; Miracielos con 10; Hoyo del Barro con 10; Villa Federico con 11; Madre Vieja Sur Centro 5; El Cerro 10; Villa Hermosa Siete con 10; Kil\u00f3metro Tres y Medio 10; La Suiza 8; El Tablazo 20, y en el Kil\u00f3metro Cuatro se izaron 11 poste y se colocaron 20 luminarias.<br><br>Las restantes ser\u00e1n instaladas en los otros 13 barrios incluidos en el plan, seg\u00fan las solicitudes expresadas por las comunidades al presidente durante su visita.<br><br>Mientras que, dirigentes comunitarios de diferentes juntas de vecinos agradecieron la r\u00e1pida respuesta de Edesur a la solicitud hecha en presencia del presidente Abinader.<br><br>Entre los que manifestaron su satisfacci\u00f3n se encuentran Milquiades Puello, presidente de la junta de vecinos Unidos Para Triunfar, del sector Tres y Medio; Dominga P\u00e9rez Guzm\u00e1n, presidenta de la junta de vecinos de Villa Federico; Milka Tejeda, presidenta de la junta de vecinos El Cerro, y Rafael Mateo Duran, presidente de la junta de vecinos del Cuatro.<br><br>Todos coincidieron en que esta intervenci\u00f3n representa un paso importante para la seguridad y el desarrollo de sus comunidades.<br><br>La empresa Edesur reiter\u00f3 su compromiso de continuar apoyando a las comunidades y contribuir con soluciones que mejoren las condiciones de vida en cada rinc\u00f3n del pa\u00eds.&nbsp;<\/p>\n\n\n\n<figure class=\"wp-block-table\"><div class=\"pcrstb-wrap\"><table class=\"has-fixed-layout\"><tbody><tr><td><\/td><td><\/td><\/tr><\/tbody><\/table><\/div><\/figure>\n\n\n\n\n\n<figure class=\"wp-block-image size-large\"><img fetchpriority=\"high\" decoding=\"async\" width=\"1024\" height=\"461\" src=\"https:\/\/espaciodigitalrd.com\/wp-content\/uploads\/2025\/07\/lampara-2-1024x461.jpg\" alt=\"\" class=\"wp-image-1793\" srcset=\"https:\/\/espaciodigitalrd.com\/wp-content\/uploads\/2025\/07\/lampara-2-1024x461.jpg 1024w, https:\/\/espaciodigitalrd.com\/wp-content\/uploads\/2025\/07\/lampara-2-300x135.jpg 300w, https:\/\/espaciodigitalrd.com\/wp-content\/uploads\/2025\/07\/lampara-2-768x346.jpg 768w, https:\/\/espaciodigitalrd.com\/wp-content\/uploads\/2025\/07\/lampara-2-1536x692.jpg 1536w, https:\/\/espaciodigitalrd.com\/wp-content\/uploads\/2025\/07\/lampara-2-1170x527.jpg 1170w, https:\/\/espaciodigitalrd.com\/wp-content\/uploads\/2025\/07\/lampara-2-585x264.jpg 585w, https:\/\/espaciodigitalrd.com\/wp-content\/uploads\/2025\/07\/lampara-2.jpg 1600w\" sizes=\"(max-width: 1024px) 100vw, 1024px\" \/><\/figure>\n","protected":false},"excerpt":{"rendered":"<p>La colocaci\u00f3n de luminarias busca mejorar la visibilidad en las calles, fortalecer la seguridad ciudadana_ Edesur Dominicana inici\u00f3 la instalaci\u00f3n de 249 l\u00e1mparas Led en 25 barrios del municipio de&hellip;<\/p>\n","protected":false},"author":2,"featured_media":1792,"comment_status":"open","ping_status":"open","sticky":false,"template":"","format":"standard","meta":{"_lmt_disableupdate":"","_lmt_disable":"","footnotes":""},"categories":[3],"tags":[],"class_list":["post-1791","post","type-post","status-publish","format-standard","has-post-thumbnail","hentry","category-actualidad"],"_links":{"self":[{"href":"https:\/\/espaciodigitalrd.com\/index.php\/wp-json\/wp\/v2\/posts\/1791","targetHints":{"allow":["GET"]}}],"collection":[{"href":"https:\/\/espaciodigitalrd.com\/index.php\/wp-json\/wp\/v2\/posts"}],"about":[{"href":"https:\/\/espaciodigitalrd.com\/index.php\/wp-json\/wp\/v2\/types\/post"}],"author":[{"embeddable":true,"href":"https:\/\/espaciodigitalrd.com\/index.php\/wp-json\/wp\/v2\/users\/2"}],"replies":[{"embeddable":true,"href":"https:\/\/espaciodigitalrd.com\/index.php\/wp-json\/wp\/v2\/comments?post=1791"}],"version-history":[{"count":1,"href":"https:\/\/espaciodigitalrd.com\/index.php\/wp-json\/wp\/v2\/posts\/1791\/revisions"}],"predecessor-version":[{"id":1794,"href":"https:\/\/espaciodigitalrd.com\/index.php\/wp-json\/wp\/v2\/posts\/1791\/revisions\/1794"}],"wp:featuredmedia":[{"embeddable":true,"href":"https:\/\/espaciodigitalrd.com\/index.php\/wp-json\/wp\/v2\/media\/1792"}],"wp:attachment":[{"href":"https:\/\/espaciodigitalrd.com\/index.php\/wp-json\/wp\/v2\/media?parent=1791"}],"wp:term":[{"taxonomy":"category","embeddable":true,"href":"https:\/\/espaciodigitalrd.com\/index.php\/wp-json\/wp\/v2\/categories?post=1791"},{"taxonomy":"post_tag","embeddable":true,"href":"https:\/\/espaciodigitalrd.com\/index.php\/wp-json\/wp\/v2\/tags?post=1791"}],"curies":[{"name":"wp","href":"https:\/\/api.w.org\/{rel}","templated":true}]}}