{"id":1803,"date":"2025-07-30T01:21:32","date_gmt":"2025-07-30T01:21:32","guid":{"rendered":"https:\/\/espaciodigitalrd.com\/?p=1803"},"modified":"2025-07-30T01:21:33","modified_gmt":"2025-07-30T01:21:33","slug":"egehid-inicia-formalmente-proyecto-presa-guaigui","status":"publish","type":"post","link":"https:\/\/espaciodigitalrd.com\/index.php\/2025\/07\/30\/egehid-inicia-formalmente-proyecto-presa-guaigui\/","title":{"rendered":"\u00a0EGEHID inicia formalmente proyecto presa Guaig\u00fci*"},"content":{"rendered":"\n<p>Rosa Ysabel Ruiz, presidenta del consejo de administraci\u00f3n de la Empresa de Generaci\u00f3n Hidroel\u00e9ctrica Dominicana (EGEHID), inform\u00f3 que este lunes 28 de julio, iniciaron formalmente los trabajos para el proyecto Presa Guaig\u00fci en la provincia La Vega.<br><br>Ruiz dio a conocer que este lunes se inici\u00f3 la construcci\u00f3n de los caminos de acceso a la presa, trabajos conexos, as\u00ed como la actualizaci\u00f3n presupuestaria de la obra.<br><br>Indic\u00f3 que presa Guaig\u00fci generar\u00e1 un importante aporte hidroel\u00e9ctrico, as\u00edmismo contar\u00e1 con un proyecto de hidrobombeo, que ayudar\u00e1n a la EGEHID a alcanzar la meta 2028, de aumentar la producci\u00f3n en m\u00e1s de 1000 megas.<br><br>La funcionaria agreg\u00f3 que est\u00e1n trabajando en un masterplan basado en construcci\u00f3n de nuevas presas, proyectos e\u00f3licos, solar, hidrobombeo, y repotenciaci\u00f3n de las instalaciones, de la mano con la responsabilidad social corporativa.<br><br>Resalt\u00f3 el impacto que ha tenido la EGEHID, como generadora de una energ\u00eda limpia, descontaminante, econ\u00f3mica pero sobre todo estrat\u00e9gica, para estabilizar el sistema el\u00e9ctrico nacional en las horas de mayor demanda.<br><br>Estas declaraciones fueron dadas en entrevista para el programa El Gobierno de la Tarde, de la Z101.3 FM.&nbsp;<\/p>\n","protected":false},"excerpt":{"rendered":"<p>Rosa Ysabel Ruiz, presidenta del consejo de administraci\u00f3n de la Empresa de Generaci\u00f3n Hidroel\u00e9ctrica Dominicana (EGEHID), inform\u00f3 que este lunes 28 de julio, iniciaron formalmente los trabajos para el proyecto&hellip;<\/p>\n","protected":false},"author":2,"featured_media":1804,"comment_status":"open","ping_status":"open","sticky":false,"template":"","format":"standard","meta":{"_lmt_disableupdate":"","_lmt_disable":"","footnotes":""},"categories":[3],"tags":[],"class_list":["post-1803","post","type-post","status-publish","format-standard","has-post-thumbnail","hentry","category-actualidad"],"_links":{"self":[{"href":"https:\/\/espaciodigitalrd.com\/index.php\/wp-json\/wp\/v2\/posts\/1803","targetHints":{"allow":["GET"]}}],"collection":[{"href":"https:\/\/espaciodigitalrd.com\/index.php\/wp-json\/wp\/v2\/posts"}],"about":[{"href":"https:\/\/espaciodigitalrd.com\/index.php\/wp-json\/wp\/v2\/types\/post"}],"author":[{"embeddable":true,"href":"https:\/\/espaciodigitalrd.com\/index.php\/wp-json\/wp\/v2\/users\/2"}],"replies":[{"embeddable":true,"href":"https:\/\/espaciodigitalrd.com\/index.php\/wp-json\/wp\/v2\/comments?post=1803"}],"version-history":[{"count":1,"href":"https:\/\/espaciodigitalrd.com\/index.php\/wp-json\/wp\/v2\/posts\/1803\/revisions"}],"predecessor-version":[{"id":1805,"href":"https:\/\/espaciodigitalrd.com\/index.php\/wp-json\/wp\/v2\/posts\/1803\/revisions\/1805"}],"wp:featuredmedia":[{"embeddable":true,"href":"https:\/\/espaciodigitalrd.com\/index.php\/wp-json\/wp\/v2\/media\/1804"}],"wp:attachment":[{"href":"https:\/\/espaciodigitalrd.com\/index.php\/wp-json\/wp\/v2\/media?parent=1803"}],"wp:term":[{"taxonomy":"category","embeddable":true,"href":"https:\/\/espaciodigitalrd.com\/index.php\/wp-json\/wp\/v2\/categories?post=1803"},{"taxonomy":"post_tag","embeddable":true,"href":"https:\/\/espaciodigitalrd.com\/index.php\/wp-json\/wp\/v2\/tags?post=1803"}],"curies":[{"name":"wp","href":"https:\/\/api.w.org\/{rel}","templated":true}]}}