{"id":1819,"date":"2025-08-02T21:11:42","date_gmt":"2025-08-02T21:11:42","guid":{"rendered":"https:\/\/espaciodigitalrd.com\/?p=1819"},"modified":"2025-08-02T21:11:43","modified_gmt":"2025-08-02T21:11:43","slug":"nelson-de-la-rosa-destaca-excelente-trabajo-de-conadis","status":"publish","type":"post","link":"https:\/\/espaciodigitalrd.com\/index.php\/2025\/08\/02\/nelson-de-la-rosa-destaca-excelente-trabajo-de-conadis\/","title":{"rendered":"Nelson de la Rosa destaca excelente trabajo de CONADIS"},"content":{"rendered":"\n<p>El Alcalde de San Crist\u00f3bal, Nelson de la Rosa, felicit\u00f3 al CONADIS por la excelente jornada social realizada este s\u00e1bado en San Crist\u00f3bal, donde decenas de personas con alg\u00fan tipo de discapacidad resultaron beneficiadas.<\/p>\n\n\n\n<figure class=\"wp-block-image size-large\"><img fetchpriority=\"high\" decoding=\"async\" width=\"1024\" height=\"575\" src=\"https:\/\/espaciodigitalrd.com\/wp-content\/uploads\/2025\/08\/conados3-1024x575.jpg\" alt=\"\" class=\"wp-image-1822\" srcset=\"https:\/\/espaciodigitalrd.com\/wp-content\/uploads\/2025\/08\/conados3-1024x575.jpg 1024w, https:\/\/espaciodigitalrd.com\/wp-content\/uploads\/2025\/08\/conados3-300x168.jpg 300w, https:\/\/espaciodigitalrd.com\/wp-content\/uploads\/2025\/08\/conados3-768x431.jpg 768w, https:\/\/espaciodigitalrd.com\/wp-content\/uploads\/2025\/08\/conados3-1536x862.jpg 1536w, https:\/\/espaciodigitalrd.com\/wp-content\/uploads\/2025\/08\/conados3-1170x657.jpg 1170w, https:\/\/espaciodigitalrd.com\/wp-content\/uploads\/2025\/08\/conados3-585x328.jpg 585w, https:\/\/espaciodigitalrd.com\/wp-content\/uploads\/2025\/08\/conados3-1200x675.jpg 1200w, https:\/\/espaciodigitalrd.com\/wp-content\/uploads\/2025\/08\/conados3.jpg 1600w\" sizes=\"(max-width: 1024px) 100vw, 1024px\" \/><\/figure>\n\n\n\n<figure class=\"wp-block-image size-large\"><img decoding=\"async\" width=\"1024\" height=\"575\" src=\"https:\/\/espaciodigitalrd.com\/wp-content\/uploads\/2025\/08\/conadis4-1024x575.jpg\" alt=\"\" class=\"wp-image-1823\" srcset=\"https:\/\/espaciodigitalrd.com\/wp-content\/uploads\/2025\/08\/conadis4-1024x575.jpg 1024w, https:\/\/espaciodigitalrd.com\/wp-content\/uploads\/2025\/08\/conadis4-300x168.jpg 300w, https:\/\/espaciodigitalrd.com\/wp-content\/uploads\/2025\/08\/conadis4-768x431.jpg 768w, https:\/\/espaciodigitalrd.com\/wp-content\/uploads\/2025\/08\/conadis4-1536x862.jpg 1536w, https:\/\/espaciodigitalrd.com\/wp-content\/uploads\/2025\/08\/conadis4-1170x657.jpg 1170w, https:\/\/espaciodigitalrd.com\/wp-content\/uploads\/2025\/08\/conadis4-585x328.jpg 585w, https:\/\/espaciodigitalrd.com\/wp-content\/uploads\/2025\/08\/conadis4-1200x675.jpg 1200w, https:\/\/espaciodigitalrd.com\/wp-content\/uploads\/2025\/08\/conadis4.jpg 1600w\" sizes=\"(max-width: 1024px) 100vw, 1024px\" \/><\/figure>\n\n\n\n<p>De la Rosa reconoci\u00f3 que en los pasados gobiernos, el CONADIS era letras muertas, y que a la llegada del presidente Abinader, le ha puesto dignidad a la instituci\u00f3n. Record\u00f3 los momentos amargos que ten\u00edan Que pasar las personas con discapacidad para desplazarse, para buscar alg\u00fan servicio o ayuda a esa instituci\u00f3n en Santo Domingo, resaltando que ahora es diferente. \u201cAhora el CONADIS es quien tiene que ir y va a las comunidades, donde las personas que lo necesita\u201d.<\/p>\n\n\n\n<p>Felicit\u00f3 el buen trabajo que vienen Desarrollando Benny Metz y Alexis Alc\u00e1ntara, Presidente del Consejo del Consdis y Director Ejecutivo, respectivamente. y El dicho operativo participaron varias instituciones del gobierno adem\u00e1s de asociaciones Sin&nbsp; Fines de Lucro, resaltando las entregas de dispositivos de apoyo; que no son m\u00e1s que los andadores, muletas, sillas de ruedas, bastones, etc.<\/p>\n\n\n\n<p>Adem\u00e1s trabajaron con los certificados de discapacidad, que vienen siendo el acta de nacimiento, lo que le permite acceder a servicios desde el estado, como pensi\u00f3n digna o fondos especiales para ni\u00f1os con discapacidad.&nbsp;<\/p>\n\n\n\n<figure class=\"wp-block-image\"><img decoding=\"async\" src=\"https:\/\/lh3.googleusercontent.com\/a\/ACg8ocIEpEE6guB0EsCGvNRyJOBgM-epu6x80KK1wCNIVvdJzR95Bz1H=s40-p\" alt=\"\"\/><\/figure>\n\n\n\n<figure class=\"wp-block-table\"><div class=\"pcrstb-wrap\"><table class=\"has-fixed-layout\"><tbody><tr><td><\/td><td><\/td><\/tr><\/tbody><\/table><\/div><\/figure>\n","protected":false},"excerpt":{"rendered":"<p>El Alcalde de San Crist\u00f3bal, Nelson de la Rosa, felicit\u00f3 al CONADIS por la excelente jornada social realizada este s\u00e1bado en San Crist\u00f3bal, donde decenas de personas con alg\u00fan tipo&hellip;<\/p>\n","protected":false},"author":2,"featured_media":1820,"comment_status":"open","ping_status":"open","sticky":false,"template":"","format":"standard","meta":{"_lmt_disableupdate":"","_lmt_disable":"","footnotes":""},"categories":[7],"tags":[],"class_list":["post-1819","post","type-post","status-publish","format-standard","has-post-thumbnail","hentry","category-salud"],"_links":{"self":[{"href":"https:\/\/espaciodigitalrd.com\/index.php\/wp-json\/wp\/v2\/posts\/1819","targetHints":{"allow":["GET"]}}],"collection":[{"href":"https:\/\/espaciodigitalrd.com\/index.php\/wp-json\/wp\/v2\/posts"}],"about":[{"href":"https:\/\/espaciodigitalrd.com\/index.php\/wp-json\/wp\/v2\/types\/post"}],"author":[{"embeddable":true,"href":"https:\/\/espaciodigitalrd.com\/index.php\/wp-json\/wp\/v2\/users\/2"}],"replies":[{"embeddable":true,"href":"https:\/\/espaciodigitalrd.com\/index.php\/wp-json\/wp\/v2\/comments?post=1819"}],"version-history":[{"count":1,"href":"https:\/\/espaciodigitalrd.com\/index.php\/wp-json\/wp\/v2\/posts\/1819\/revisions"}],"predecessor-version":[{"id":1824,"href":"https:\/\/espaciodigitalrd.com\/index.php\/wp-json\/wp\/v2\/posts\/1819\/revisions\/1824"}],"wp:featuredmedia":[{"embeddable":true,"href":"https:\/\/espaciodigitalrd.com\/index.php\/wp-json\/wp\/v2\/media\/1820"}],"wp:attachment":[{"href":"https:\/\/espaciodigitalrd.com\/index.php\/wp-json\/wp\/v2\/media?parent=1819"}],"wp:term":[{"taxonomy":"category","embeddable":true,"href":"https:\/\/espaciodigitalrd.com\/index.php\/wp-json\/wp\/v2\/categories?post=1819"},{"taxonomy":"post_tag","embeddable":true,"href":"https:\/\/espaciodigitalrd.com\/index.php\/wp-json\/wp\/v2\/tags?post=1819"}],"curies":[{"name":"wp","href":"https:\/\/api.w.org\/{rel}","templated":true}]}}