{"id":1826,"date":"2025-08-03T19:22:01","date_gmt":"2025-08-03T19:22:01","guid":{"rendered":"https:\/\/espaciodigitalrd.com\/?p=1826"},"modified":"2025-08-03T19:22:02","modified_gmt":"2025-08-03T19:22:02","slug":"conadisrealiza-masiva-jornada-de-inclusion-social-en-san-cristobal-para-personas-con-discapacidad-y-sus-familias","status":"publish","type":"post","link":"https:\/\/espaciodigitalrd.com\/index.php\/2025\/08\/03\/conadisrealiza-masiva-jornada-de-inclusion-social-en-san-cristobal-para-personas-con-discapacidad-y-sus-familias\/","title":{"rendered":"CONADISrealiza masiva jornada de inclusi\u00f3n social en San Crist\u00f3bal para personas con discapacidad y sus familias"},"content":{"rendered":"\n<p>Cientos de sancristobalenses participaron en la quinta jornada de inclusi\u00f3n social \u201cCONADIS para todos\u201d, realizada en las instalaciones del Instituto Polit\u00e9cnico Loyola, con el objetivo de acercar los servicios del Consejo Nacional de Discapacidad (CONADIS) y brindar atenci\u00f3n integral a las personas con discapacidad y a sus familias.<br><br>Durante la jornada se ofrecieron diversos servicios m\u00e9dicos, entre ellos: medicina general, pediatr\u00eda, cardiolog\u00eda, odontolog\u00eda, oftalmolog\u00eda, entrega de medicamentos, as\u00ed como la distribuci\u00f3n de dispositivos de apoyo como sillas de ruedas, andadores, muletas y bastones, con el prop\u00f3sito de promover la autonom\u00eda y mejorar la calidad de vida de las personas con discapacidad.<br><br>Asimismo, se realizaron evaluaciones para la certificaci\u00f3n de discapacidad, documento fundamental para acceder a los subsidios del sistema de protecci\u00f3n social del Gobierno, como el Fondo Nacional de Discapacidad.<br><br>En el acto de apertura, el presidente del CONADIS, Benny Metz, expres\u00f3: \u201cPor disposici\u00f3n del presidente Luis Abinader, seguiremos trabajando para llegar a cada rinc\u00f3n del pa\u00eds, porque el objetivo de estas jornadas es mejorar la calidad de vida de las personas con discapacidad, articulando esfuerzos con otras instituciones para garantizar derechos y oportunidades\u201d.<br><br>De su lado, el director ejecutivo del CONADIS, Alexis Alc\u00e1ntara, destac\u00f3: \u201cEn esta jornada estamos ofreciendo m\u00e1s de diez servicios m\u00e9dicos dirigidos a personas con discapacidad y sus familias, porque nuestra misi\u00f3n es clara: que nadie se quede atr\u00e1s\u201d.<br><br>La jornada fue posible gracias a la colaboraci\u00f3n del Instituto Polit\u00e9cnico Loyola (IPL), la Gobernaci\u00f3n Provincial de San Crist\u00f3bal, la Oficina de Gesti\u00f3n Senatorial, SENASA, BANRESERVAS, la Alcald\u00eda de San Crist\u00f3bal y el Sistema \u00danico de Beneficiarios (SIUBEN).<br><br>Tambi\u00e9n participaron Comedores Econ\u00f3micos, SUP\u00c9RATE, la Direcci\u00f3n de Educaci\u00f3n Especial del Ministerio de Educaci\u00f3n, el Consejo Nacional de la Persona Envejeciente (CONAPE), entre otras instituciones<\/p>\n","protected":false},"excerpt":{"rendered":"<p>Cientos de sancristobalenses participaron en la quinta jornada de inclusi\u00f3n social \u201cCONADIS para todos\u201d, realizada en las instalaciones del Instituto Polit\u00e9cnico Loyola, con el objetivo de acercar los servicios del&hellip;<\/p>\n","protected":false},"author":2,"featured_media":1827,"comment_status":"open","ping_status":"open","sticky":false,"template":"","format":"standard","meta":{"_lmt_disableupdate":"","_lmt_disable":"","footnotes":""},"categories":[7],"tags":[],"class_list":["post-1826","post","type-post","status-publish","format-standard","has-post-thumbnail","hentry","category-salud"],"_links":{"self":[{"href":"https:\/\/espaciodigitalrd.com\/index.php\/wp-json\/wp\/v2\/posts\/1826","targetHints":{"allow":["GET"]}}],"collection":[{"href":"https:\/\/espaciodigitalrd.com\/index.php\/wp-json\/wp\/v2\/posts"}],"about":[{"href":"https:\/\/espaciodigitalrd.com\/index.php\/wp-json\/wp\/v2\/types\/post"}],"author":[{"embeddable":true,"href":"https:\/\/espaciodigitalrd.com\/index.php\/wp-json\/wp\/v2\/users\/2"}],"replies":[{"embeddable":true,"href":"https:\/\/espaciodigitalrd.com\/index.php\/wp-json\/wp\/v2\/comments?post=1826"}],"version-history":[{"count":1,"href":"https:\/\/espaciodigitalrd.com\/index.php\/wp-json\/wp\/v2\/posts\/1826\/revisions"}],"predecessor-version":[{"id":1828,"href":"https:\/\/espaciodigitalrd.com\/index.php\/wp-json\/wp\/v2\/posts\/1826\/revisions\/1828"}],"wp:featuredmedia":[{"embeddable":true,"href":"https:\/\/espaciodigitalrd.com\/index.php\/wp-json\/wp\/v2\/media\/1827"}],"wp:attachment":[{"href":"https:\/\/espaciodigitalrd.com\/index.php\/wp-json\/wp\/v2\/media?parent=1826"}],"wp:term":[{"taxonomy":"category","embeddable":true,"href":"https:\/\/espaciodigitalrd.com\/index.php\/wp-json\/wp\/v2\/categories?post=1826"},{"taxonomy":"post_tag","embeddable":true,"href":"https:\/\/espaciodigitalrd.com\/index.php\/wp-json\/wp\/v2\/tags?post=1826"}],"curies":[{"name":"wp","href":"https:\/\/api.w.org\/{rel}","templated":true}]}}