{"id":1830,"date":"2025-08-03T19:32:12","date_gmt":"2025-08-03T19:32:12","guid":{"rendered":"https:\/\/espaciodigitalrd.com\/?p=1830"},"modified":"2025-08-03T19:32:13","modified_gmt":"2025-08-03T19:32:13","slug":"camara-de-comercio-san-cristobal-expresa-preocupacion-por-incremento-de-atracos","status":"publish","type":"post","link":"https:\/\/espaciodigitalrd.com\/index.php\/2025\/08\/03\/camara-de-comercio-san-cristobal-expresa-preocupacion-por-incremento-de-atracos\/","title":{"rendered":"C\u00e1mara de Comercio \u00a0San Crist\u00f3bal expresa preocupaci\u00f3n por incremento de atracos"},"content":{"rendered":"\n<p>La C\u00e1mara de Comercio y Producci\u00f3n de San Crist\u00f3bal expres\u00f3 este domingo su profunda preocupaci\u00f3n ante el notable incremento de los asaltos registrados en la provincia durante las \u00faltimas semanas.<br><br>V\u00edctor Ram\u00f3n Mont\u00e1s, presidente de la entidad, exigi\u00f3 a las autoridades competentes realizar los ajustes necesarios para restablecer la paz y seguridad de todos los sancristobalenses.<br><br>\u201cEn las \u00faltimas semanas, los atracos a plena luz del d\u00eda se han incrementado considerablemente en San Crist\u00f3bal. Las autoridades no han logrado ofrecer una respuesta efectiva, por lo que les solicitamos con urgencia tomar las medidas necesarias para devolver la paz social que merecemos los habitantes de esta provincia\u201d, expres\u00f3 Mont\u00e1s.<br><br>El empresario subray\u00f3 que los comerciantes y emprendedores locales han sido los m\u00e1s afectados por el auge de la delincuencia, lo que est\u00e1 provocando un ambiente de inseguridad e incertidumbre que amenaza el desarrollo econ\u00f3mico de la zona y llam\u00f3 a las autoridades a resolver la situaci\u00f3n.&nbsp;<\/p>\n","protected":false},"excerpt":{"rendered":"<p>La C\u00e1mara de Comercio y Producci\u00f3n de San Crist\u00f3bal expres\u00f3 este domingo su profunda preocupaci\u00f3n ante el notable incremento de los asaltos registrados en la provincia durante las \u00faltimas semanas.&hellip;<\/p>\n","protected":false},"author":2,"featured_media":1831,"comment_status":"open","ping_status":"open","sticky":false,"template":"","format":"standard","meta":{"_lmt_disableupdate":"","_lmt_disable":"","footnotes":""},"categories":[3],"tags":[],"class_list":["post-1830","post","type-post","status-publish","format-standard","has-post-thumbnail","hentry","category-actualidad"],"_links":{"self":[{"href":"https:\/\/espaciodigitalrd.com\/index.php\/wp-json\/wp\/v2\/posts\/1830","targetHints":{"allow":["GET"]}}],"collection":[{"href":"https:\/\/espaciodigitalrd.com\/index.php\/wp-json\/wp\/v2\/posts"}],"about":[{"href":"https:\/\/espaciodigitalrd.com\/index.php\/wp-json\/wp\/v2\/types\/post"}],"author":[{"embeddable":true,"href":"https:\/\/espaciodigitalrd.com\/index.php\/wp-json\/wp\/v2\/users\/2"}],"replies":[{"embeddable":true,"href":"https:\/\/espaciodigitalrd.com\/index.php\/wp-json\/wp\/v2\/comments?post=1830"}],"version-history":[{"count":1,"href":"https:\/\/espaciodigitalrd.com\/index.php\/wp-json\/wp\/v2\/posts\/1830\/revisions"}],"predecessor-version":[{"id":1832,"href":"https:\/\/espaciodigitalrd.com\/index.php\/wp-json\/wp\/v2\/posts\/1830\/revisions\/1832"}],"wp:featuredmedia":[{"embeddable":true,"href":"https:\/\/espaciodigitalrd.com\/index.php\/wp-json\/wp\/v2\/media\/1831"}],"wp:attachment":[{"href":"https:\/\/espaciodigitalrd.com\/index.php\/wp-json\/wp\/v2\/media?parent=1830"}],"wp:term":[{"taxonomy":"category","embeddable":true,"href":"https:\/\/espaciodigitalrd.com\/index.php\/wp-json\/wp\/v2\/categories?post=1830"},{"taxonomy":"post_tag","embeddable":true,"href":"https:\/\/espaciodigitalrd.com\/index.php\/wp-json\/wp\/v2\/tags?post=1830"}],"curies":[{"name":"wp","href":"https:\/\/api.w.org\/{rel}","templated":true}]}}