{"id":1947,"date":"2025-08-24T23:20:39","date_gmt":"2025-08-24T23:20:39","guid":{"rendered":"https:\/\/espaciodigitalrd.com\/?p=1947"},"modified":"2025-08-24T23:20:39","modified_gmt":"2025-08-24T23:20:39","slug":"victor-fadul-lamenta-colapso-del-sistema-electrico-gracias-al-prm-el-cambio-huele-a-gas-keroseno","status":"publish","type":"post","link":"https:\/\/espaciodigitalrd.com\/index.php\/2025\/08\/24\/victor-fadul-lamenta-colapso-del-sistema-electrico-gracias-al-prm-el-cambio-huele-a-gas-keroseno\/","title":{"rendered":"V\u00edctor Fadul lamenta colapso del sistema el\u00e9ctrico: \u201cGracias al PRM, el cambio huele a gas keroseno\u201d"},"content":{"rendered":"\n<p>El exdiputado del Partido de la Liberaci\u00f3n Dominicana (PLD), V\u00edctor Fadul, lament\u00f3 el desplome del sistema el\u00e9ctrico nacional, asegurando que \u201c<strong><em>gracias al PRM, el cambio huele a keroseno\u201d.<\/em><\/strong><\/p>\n\n\n\n<p>En un video publicado en sus redes sociales, el dirigente pol\u00edtico afirm\u00f3 que ya tiene su \u201c<strong><em>l\u00e1mpara jumiadora<\/em><\/strong>\u201d, enviada como regalo, cortes\u00eda \u2014dijo\u2014 del \u00abcambio\u00bb prometido por el Partido Revolucionario Moderno (PRM).<\/p>\n\n\n\n<p>Fadul, miembro del Comit\u00e9 Central del PLD, pregunt\u00f3 : \u201c\u00bfSe acuerdan cuando ten\u00edamos luz 24\/7? Eso fue antes de que el PRM nos devolviera el fog\u00f3n. Ahora, con medio sistema el\u00e9ctrico apagado, el progreso nos est\u00e1 dejando entre humo y sudor\u201d.<\/p>\n\n\n\n<p>Utilizando un lenguaje llano y directo, el joven pol\u00edtico hizo referencia a una promesa oficial del PRM: \u201cTodo se normaliza a finales del 2025\u2026 Lo que eso quiere decir es:<strong><em>&nbsp;siga sudando, cargue su linterna y compre f\u00f3sforos<\/em><\/strong>\u201d, explic\u00f3, mientras enciende una l\u00e1mpara con queroseno durante el video.<\/p>\n\n\n\n<p>Con tono enf\u00e1tico, Fadul concluye el clip diciendo:&nbsp;<strong><em>\u201cGracias al PRM, el cambio huele a keroseno\u201d.<\/em><\/strong><\/p>\n\n\n\n<p>El video, de menos de un minuto de duraci\u00f3n, ha sido ampliamente compartido y comentado. En \u00e9l, Fadul respalda sus cr\u00edticas con referencias a reportes period\u00edsticos que documentan tanto la existencia previa de un sistema energ\u00e9tico 24\/7,&nbsp; como las actuales denuncias sobre apagones generalizados en todo el pa\u00eds.<\/p>\n\n\n\n<p>La publicaci\u00f3n ha recibido cientos de comentarios de ciudadanos desde distintas provincias, quienes expresan su frustraci\u00f3n por la situaci\u00f3n actual.<\/p>\n\n\n\n<p>Algunos de los comentarios destacados son:<\/p>\n\n\n\n<p>\u00b7&nbsp;&nbsp;&nbsp;&nbsp;<strong>@erika_genao:<\/strong>&nbsp;\u201cEstamos pagando justo por pecadores\u201d.<\/p>\n\n\n\n<p>\u00b7&nbsp;&nbsp;&nbsp;&nbsp;<strong>@roberto9028:<\/strong>&nbsp;\u201cMuy cierto, este cambio ha salido caro a los dominicanos\u201d.<\/p>\n\n\n\n<p>\u00b7&nbsp;&nbsp;&nbsp;&nbsp;<strong>@franciscocarrasco:<\/strong>&nbsp;\u201cEso se llama volver al pasado\u201d.<\/p>\n\n\n\n<p>\u00b7&nbsp;&nbsp;&nbsp;&nbsp;<strong>@guilleferreiras:<\/strong>&nbsp;\u201cM\u00e1s preciso y objetivo no pudiste ser, V\u00edctor. \u00a1La realidad!\u201d.<\/p>\n\n\n\n<p>V\u00edctor Fadul interactu\u00f3 con los usuarios en la publicaci\u00f3n, manifestando que es necesario trabajar para que la esperanza vuelva a renacer en el pa\u00eds.<\/p>\n\n\n\n<p>Actualmente, Fadul se desempe\u00f1a como coordinador de campa\u00f1a del aspirante presidencial del PLD,&nbsp;<strong>Francisco Javier Garc\u00eda<\/strong>.<\/p>\n","protected":false},"excerpt":{"rendered":"<p>El exdiputado del Partido de la Liberaci\u00f3n Dominicana (PLD), V\u00edctor Fadul, lament\u00f3 el desplome del sistema el\u00e9ctrico nacional, asegurando que \u201cgracias al PRM, el cambio huele a keroseno\u201d. En un&hellip;<\/p>\n","protected":false},"author":2,"featured_media":1948,"comment_status":"open","ping_status":"open","sticky":false,"template":"","format":"standard","meta":{"_lmt_disableupdate":"","_lmt_disable":"","footnotes":""},"categories":[6],"tags":[],"class_list":["post-1947","post","type-post","status-publish","format-standard","has-post-thumbnail","hentry","category-politics"],"_links":{"self":[{"href":"https:\/\/espaciodigitalrd.com\/index.php\/wp-json\/wp\/v2\/posts\/1947","targetHints":{"allow":["GET"]}}],"collection":[{"href":"https:\/\/espaciodigitalrd.com\/index.php\/wp-json\/wp\/v2\/posts"}],"about":[{"href":"https:\/\/espaciodigitalrd.com\/index.php\/wp-json\/wp\/v2\/types\/post"}],"author":[{"embeddable":true,"href":"https:\/\/espaciodigitalrd.com\/index.php\/wp-json\/wp\/v2\/users\/2"}],"replies":[{"embeddable":true,"href":"https:\/\/espaciodigitalrd.com\/index.php\/wp-json\/wp\/v2\/comments?post=1947"}],"version-history":[{"count":1,"href":"https:\/\/espaciodigitalrd.com\/index.php\/wp-json\/wp\/v2\/posts\/1947\/revisions"}],"predecessor-version":[{"id":1949,"href":"https:\/\/espaciodigitalrd.com\/index.php\/wp-json\/wp\/v2\/posts\/1947\/revisions\/1949"}],"wp:featuredmedia":[{"embeddable":true,"href":"https:\/\/espaciodigitalrd.com\/index.php\/wp-json\/wp\/v2\/media\/1948"}],"wp:attachment":[{"href":"https:\/\/espaciodigitalrd.com\/index.php\/wp-json\/wp\/v2\/media?parent=1947"}],"wp:term":[{"taxonomy":"category","embeddable":true,"href":"https:\/\/espaciodigitalrd.com\/index.php\/wp-json\/wp\/v2\/categories?post=1947"},{"taxonomy":"post_tag","embeddable":true,"href":"https:\/\/espaciodigitalrd.com\/index.php\/wp-json\/wp\/v2\/tags?post=1947"}],"curies":[{"name":"wp","href":"https:\/\/api.w.org\/{rel}","templated":true}]}}