{"id":1950,"date":"2025-08-24T23:26:20","date_gmt":"2025-08-24T23:26:20","guid":{"rendered":"https:\/\/espaciodigitalrd.com\/?p=1950"},"modified":"2025-08-24T23:26:21","modified_gmt":"2025-08-24T23:26:21","slug":"francisco-javier-garcia-denuncia-la-improvisacion-en-el-inicio-del-ano-escolar-ha-alcanzado-niveles-historicos","status":"publish","type":"post","link":"https:\/\/espaciodigitalrd.com\/index.php\/2025\/08\/24\/francisco-javier-garcia-denuncia-la-improvisacion-en-el-inicio-del-ano-escolar-ha-alcanzado-niveles-historicos\/","title":{"rendered":"Francisco Javier Garc\u00eda denuncia: \u201cLa improvisaci\u00f3n en el inicio del a\u00f1o escolar ha alcanzado niveles hist\u00f3ricos\u201d"},"content":{"rendered":"\n<p>El aspirante presidencial por el Partido de la Liberaci\u00f3n Dominicana (PLD), Francisco Javier Garc\u00eda, afirm\u00f3 que los dominicanos nunca hab\u00edan vivido un nivel de improvisaci\u00f3n tan grande como el que se est\u00e1 experimentando con el inicio del a\u00f1o escolar 2025-2026, pautado para este lunes.<\/p>\n\n\n\n<p>Tras concluir un encuentro con profesionales que respaldan su proyecto pol\u00edtico en la provincia S\u00e1nchez Ram\u00edrez, Francisco Javier ofreci\u00f3 declaraciones a los medios de comunicaci\u00f3n que lo abordaron sobre el tema educativo.<\/p>\n\n\n\n<p>\u201cPrimero aseguraron que el cupo estudiantil para el nuevo a\u00f1o escolar estaba garantizado, y al final resulta que no. Los estudiantes tendr\u00e1n que recibir docencia en aulas m\u00f3viles o furgones, debajo de \u00e1rboles, en clubes, terrazas, e incluso en espacios compartidos con criaderos de chivos, como es el caso de la comunidad de Honduras, en Tamayo, provincia Bahoruco\u201d, denunci\u00f3.<\/p>\n\n\n\n<p>Asimismo, lament\u00f3 que un funcionario del Ministerio de Educaci\u00f3n (MINERD) informara que alrededor de un 40 % de ni\u00f1os no recibir\u00e1 uniforme escolar antes del inicio a clases, lo que se traduce en una verdadera injusticia social.<\/p>\n\n\n\n<p>\u201cEste 25 de agosto no hay nada que celebrar, porque m\u00e1s de 400 mil estudiantes ir\u00e1n a las aulas con las manos vac\u00edas. No tendr\u00e1n \u00fatiles escolares. Y la pregunta es: \u00bfeso ha pasado siempre? No. Eso solo ha ocurrido durante este gobierno del PRM. En los gobiernos del PLD no hab\u00eda problemas de cupo, exist\u00eda una Jornada Escolar Extendida eficiente, y todos los estudiantes iniciaban el a\u00f1o escolar con sus uniformes, zapatos y \u00fatiles escolares\u201d, sentenci\u00f3.<\/p>\n\n\n\n<p>Francisco Javier hizo un llamado a la poblaci\u00f3n a mantenerse vigilante frente a las dificultades que atraviesa el pueblo dominicano, y exhort\u00f3 a trabajar unidos de cara al 2028 para superar esta situaci\u00f3n que, seg\u00fan dijo, afecta no solo al sistema educativo, sino tambi\u00e9n al sector agropecuario, la salud y el sistema el\u00e9ctrico nacional.<\/p>\n\n\n\n<p>\u201cVamos a comenzar el a\u00f1o escolar en medio de una ola de apagones que afectar\u00e1 directamente a los centros educativos, ya que muchos no contar\u00e1n con energ\u00eda para su funcionamiento\u201d, advirti\u00f3.<\/p>\n\n\n\n<p>Finalmente, inst\u00f3 a la ciudadan\u00eda a unirse y trabajar para sacar al PRM del poder y devolver al pa\u00eds la planificaci\u00f3n, el orden, la eficiencia en los servicios p\u00fablicos y la estabilidad nacional.<\/p>\n\n\n\n<p><strong><em><u>Recorrido en S\u00e1nchez Ram\u00edrez<\/u><\/em><\/strong><\/p>\n\n\n\n<p>Francisco Javier realiz\u00f3 un intenso recorrido este s\u00e1bado por la provincia S\u00e1nchez Ram\u00edrez, donde escuch\u00f3 las preocupaciones de los productores agr\u00edcolas, quienes manifestaron su desesperaci\u00f3n por la falta de apoyo al sector.<\/p>\n\n\n\n<p>Tambi\u00e9n sostuvo un conversatorio con j\u00f3venes, en el que escuch\u00f3 sus visiones sobre la pol\u00edtica, as\u00ed como sus anhelos y esperanzas de cara al futuro.<\/p>\n\n\n\n<p>Finalmente, sostuvo un encuentro con profesionales de la medicina y del magisterio de la provincia, donde se destacaron las precariedades y el retroceso que afectan a ambas \u00e1reas, consideradas vitales para el verdadero desarrollo y la calidad de vida de la poblaci\u00f3n.<\/p>\n\n\n\n<figure class=\"wp-block-image size-large\"><img fetchpriority=\"high\" decoding=\"async\" width=\"1024\" height=\"659\" src=\"https:\/\/espaciodigitalrd.com\/wp-content\/uploads\/2025\/08\/javier-garcia2-1024x659.jpg\" alt=\"\" class=\"wp-image-1952\" srcset=\"https:\/\/espaciodigitalrd.com\/wp-content\/uploads\/2025\/08\/javier-garcia2-1024x659.jpg 1024w, https:\/\/espaciodigitalrd.com\/wp-content\/uploads\/2025\/08\/javier-garcia2-300x193.jpg 300w, https:\/\/espaciodigitalrd.com\/wp-content\/uploads\/2025\/08\/javier-garcia2-768x494.jpg 768w, https:\/\/espaciodigitalrd.com\/wp-content\/uploads\/2025\/08\/javier-garcia2-1170x753.jpg 1170w, https:\/\/espaciodigitalrd.com\/wp-content\/uploads\/2025\/08\/javier-garcia2-585x377.jpg 585w, https:\/\/espaciodigitalrd.com\/wp-content\/uploads\/2025\/08\/javier-garcia2.jpg 1280w\" sizes=\"(max-width: 1024px) 100vw, 1024px\" \/><\/figure>\n","protected":false},"excerpt":{"rendered":"<p>El aspirante presidencial por el Partido de la Liberaci\u00f3n Dominicana (PLD), Francisco Javier Garc\u00eda, afirm\u00f3 que los dominicanos nunca hab\u00edan vivido un nivel de improvisaci\u00f3n tan grande como el que&hellip;<\/p>\n","protected":false},"author":2,"featured_media":1951,"comment_status":"open","ping_status":"open","sticky":false,"template":"","format":"standard","meta":{"_lmt_disableupdate":"","_lmt_disable":"","footnotes":""},"categories":[6],"tags":[],"class_list":["post-1950","post","type-post","status-publish","format-standard","has-post-thumbnail","hentry","category-politics"],"_links":{"self":[{"href":"https:\/\/espaciodigitalrd.com\/index.php\/wp-json\/wp\/v2\/posts\/1950","targetHints":{"allow":["GET"]}}],"collection":[{"href":"https:\/\/espaciodigitalrd.com\/index.php\/wp-json\/wp\/v2\/posts"}],"about":[{"href":"https:\/\/espaciodigitalrd.com\/index.php\/wp-json\/wp\/v2\/types\/post"}],"author":[{"embeddable":true,"href":"https:\/\/espaciodigitalrd.com\/index.php\/wp-json\/wp\/v2\/users\/2"}],"replies":[{"embeddable":true,"href":"https:\/\/espaciodigitalrd.com\/index.php\/wp-json\/wp\/v2\/comments?post=1950"}],"version-history":[{"count":1,"href":"https:\/\/espaciodigitalrd.com\/index.php\/wp-json\/wp\/v2\/posts\/1950\/revisions"}],"predecessor-version":[{"id":1953,"href":"https:\/\/espaciodigitalrd.com\/index.php\/wp-json\/wp\/v2\/posts\/1950\/revisions\/1953"}],"wp:featuredmedia":[{"embeddable":true,"href":"https:\/\/espaciodigitalrd.com\/index.php\/wp-json\/wp\/v2\/media\/1951"}],"wp:attachment":[{"href":"https:\/\/espaciodigitalrd.com\/index.php\/wp-json\/wp\/v2\/media?parent=1950"}],"wp:term":[{"taxonomy":"category","embeddable":true,"href":"https:\/\/espaciodigitalrd.com\/index.php\/wp-json\/wp\/v2\/categories?post=1950"},{"taxonomy":"post_tag","embeddable":true,"href":"https:\/\/espaciodigitalrd.com\/index.php\/wp-json\/wp\/v2\/tags?post=1950"}],"curies":[{"name":"wp","href":"https:\/\/api.w.org\/{rel}","templated":true}]}}