{"id":2022,"date":"2025-09-07T11:32:38","date_gmt":"2025-09-07T11:32:38","guid":{"rendered":"https:\/\/espaciodigitalrd.com\/?p=2022"},"modified":"2025-09-07T11:32:39","modified_gmt":"2025-09-07T11:32:39","slug":"francisco-javier-garcia-en-azua-el-prm-inaugura-obras-incompletas-y-engana-al-pueblo","status":"publish","type":"post","link":"https:\/\/espaciodigitalrd.com\/index.php\/2025\/09\/07\/francisco-javier-garcia-en-azua-el-prm-inaugura-obras-incompletas-y-engana-al-pueblo\/","title":{"rendered":"Francisco Javier Garc\u00eda en Azua: \u201cEl PRM inaugura obras incompletas y enga\u00f1a al pueblo\u201d"},"content":{"rendered":"\n<p>Francisco Javier Garc\u00eda, aspirante presidencial por el Partido de la Liberaci\u00f3n Dominicana (PLD), afirm\u00f3 que el actual gobierno del Partido Revolucionario Moderno (PRM) \u201c<strong><em>se ha especializado en inaugurar obras que no ha terminado<\/em><\/strong>\u201d, al ser cuestionado por periodistas sobre el estado de la presa de Azua.<\/p>\n\n\n\n<p>\u201c<strong><em>Lo que ocurre con este gobierno es que inaugura obras que no ha concluido. Cuando se inaugura una presa, debe hacerse con sus canales de riego, las terminaciones y todo lo relacionado con su operatividad. Desde aqu\u00ed hacemos un llamado al gobierno para que concluya los trabajos de la presa de Azua, a fin de aprovechar toda la inversi\u00f3n realizada y que la obra cumpla su objetivo de dotar de agua a las zonas agr\u00edcolas<\/em><\/strong>\u201d, expres\u00f3.<\/p>\n\n\n\n<p>Durante un concurrido-encuentro con representantes del sector agropecuario de Azua, Francisco Javier se comprometi\u00f3 a restablecer todos los programas que impuls\u00f3 el gobierno del PLD en beneficio del campo.<\/p>\n\n\n\n<p>\u201c<strong><em>Lamentamos profundamente la crisis en la que se encuentra el sector agropecuario debido a las pol\u00edticas erradas del PRM, que ha abandonado por completo el campo dominicano. Por eso, hoy nos comprometemos, frente a ustedes, de que desde que asumamos el gobierno en el 2028, restableceremos todos los programas que con \u00e9xito implement\u00f3 el PLD<\/em><\/strong>\u201d, enfatiz\u00f3.<\/p>\n\n\n\n<p>Tras escuchar las inquietudes de los mun\u00edcipes, el dirigente pol\u00edtico manifest\u00f3 que, a pesar de las promesas de cambio, lo que ha recibido el pueblo es abandono, crisis e inseguridad.<\/p>\n\n\n\n<p>Durante un extenso recorrido por la provincia de Azua, Francisco Javier visit\u00f3 los municipios de Las Charcas, Las Yayas de Viajama, Padre Las Casas, Peralta, Sabana Yegua, Pueblo Viejo, T\u00e1bara Arriba, Guayabal y Esteban\u00eda. En cada localidad, los ciudadanos expresaron su preocupaci\u00f3n por la falta de apoyo al sector agr\u00edcola, a pesar de contar con tierras f\u00e9rtiles, lo que ha obligado a muchos a migrar a otras ciudades en busca de oportunidades.<\/p>\n\n\n\n<p>Francisco Javier inst\u00f3 a los azuanos a no perder la esperanza y mantenerse firmes, asegurando que a partir del 2028 ser\u00e1n testigos del progreso y del cambio verdadero que necesita Azua.<\/p>\n\n\n\n<p>\u201cAzua es un pueblo noble, de tierra buena, de gente trabajadora y emprendedora, de hombres y mujeres valientes a quienes la Rep\u00fablica Dominicana les debe estar eternamente agradecida. No olvidemos que en la Batalla de Azua, el 19 de marzo, se libr\u00f3 la primera gran lucha en defensa de nuestra soberan\u00eda nacional\u201d, concluy\u00f3.&nbsp;<\/p>\n","protected":false},"excerpt":{"rendered":"<p>Francisco Javier Garc\u00eda, aspirante presidencial por el Partido de la Liberaci\u00f3n Dominicana (PLD), afirm\u00f3 que el actual gobierno del Partido Revolucionario Moderno (PRM) \u201cse ha especializado en inaugurar obras que&hellip;<\/p>\n","protected":false},"author":2,"featured_media":2023,"comment_status":"open","ping_status":"open","sticky":false,"template":"","format":"standard","meta":{"_lmt_disableupdate":"","_lmt_disable":"","footnotes":""},"categories":[6],"tags":[],"class_list":["post-2022","post","type-post","status-publish","format-standard","has-post-thumbnail","hentry","category-politics"],"_links":{"self":[{"href":"https:\/\/espaciodigitalrd.com\/index.php\/wp-json\/wp\/v2\/posts\/2022","targetHints":{"allow":["GET"]}}],"collection":[{"href":"https:\/\/espaciodigitalrd.com\/index.php\/wp-json\/wp\/v2\/posts"}],"about":[{"href":"https:\/\/espaciodigitalrd.com\/index.php\/wp-json\/wp\/v2\/types\/post"}],"author":[{"embeddable":true,"href":"https:\/\/espaciodigitalrd.com\/index.php\/wp-json\/wp\/v2\/users\/2"}],"replies":[{"embeddable":true,"href":"https:\/\/espaciodigitalrd.com\/index.php\/wp-json\/wp\/v2\/comments?post=2022"}],"version-history":[{"count":1,"href":"https:\/\/espaciodigitalrd.com\/index.php\/wp-json\/wp\/v2\/posts\/2022\/revisions"}],"predecessor-version":[{"id":2024,"href":"https:\/\/espaciodigitalrd.com\/index.php\/wp-json\/wp\/v2\/posts\/2022\/revisions\/2024"}],"wp:featuredmedia":[{"embeddable":true,"href":"https:\/\/espaciodigitalrd.com\/index.php\/wp-json\/wp\/v2\/media\/2023"}],"wp:attachment":[{"href":"https:\/\/espaciodigitalrd.com\/index.php\/wp-json\/wp\/v2\/media?parent=2022"}],"wp:term":[{"taxonomy":"category","embeddable":true,"href":"https:\/\/espaciodigitalrd.com\/index.php\/wp-json\/wp\/v2\/categories?post=2022"},{"taxonomy":"post_tag","embeddable":true,"href":"https:\/\/espaciodigitalrd.com\/index.php\/wp-json\/wp\/v2\/tags?post=2022"}],"curies":[{"name":"wp","href":"https:\/\/api.w.org\/{rel}","templated":true}]}}