{"id":2420,"date":"2026-01-19T12:46:43","date_gmt":"2026-01-19T12:46:43","guid":{"rendered":"https:\/\/espaciodigitalrd.com\/?p=2420"},"modified":"2026-01-19T12:46:44","modified_gmt":"2026-01-19T12:46:44","slug":"francisco-javier-garcia-el-prm-saldra-del-gobierno-por-su-incapacidad-para-gobernar","status":"publish","type":"post","link":"https:\/\/espaciodigitalrd.com\/index.php\/2026\/01\/19\/francisco-javier-garcia-el-prm-saldra-del-gobierno-por-su-incapacidad-para-gobernar\/","title":{"rendered":"Francisco Javier Garc\u00eda: \u201cEl PRM saldr\u00e1 del gobierno por su incapacidad para gobernar\u201d"},"content":{"rendered":"\n<p>Francisco Javier Garc\u00eda, aspirante presidencial del Partido de la Liberaci\u00f3n Dominicana (PLD), afirm\u00f3 que el gobierno del Partido Revolucionario Moderno (PRM) llegar\u00e1 a su fin, al considerar que sus autoridades han demostrado incapacidad para gobernar y que, lejos de aprender, est\u00e1n \u201c<strong><em>desaprendiendo<\/em><\/strong>\u201d.<\/p>\n\n\n\n<p>Garc\u00eda sostuvo que, aunque el a\u00f1o 2025 ha sido negativo para el pa\u00eds, el problema de fondo no radica en factores externos, sino en la falta de capacidad del PRM para dirigir el Estado. \u201cSi el 2025 fue un a\u00f1o malo, quisiera decir que el 2026 ser\u00e1 un a\u00f1o bueno. El gran problema del PRM es que, en su primer a\u00f1o de gobierno, del 2020 al 2021, los errores eran aceptables porque ten\u00edan 16 a\u00f1os fuera del poder. Pero cinco a\u00f1os despu\u00e9s, lo que vemos es que est\u00e1n desaprendiendo\u201d, enfatiz\u00f3.<\/p>\n\n\n\n<p>\u201cLa enfermedad no est\u00e1 en la s\u00e1bana, est\u00e1 en el paciente\u201d, expres\u00f3 el dirigente pol\u00edtico.<\/p>\n\n\n\n<p>Durante su primera entrevista como aspirante presidencial del PLD, explic\u00f3 que los constantes cambios y el caos que se perciben en la administraci\u00f3n p\u00fablica evidencian una clara falta de rumbo y de capacidad de gesti\u00f3n por parte del partido oficialista.<\/p>\n\n\n\n<p>El tambi\u00e9n exministro reiter\u00f3 que el PRM saldr\u00e1 del poder, al no haber logrado resultados concretos tras cinco a\u00f1os de gobierno. Por el contrario, asegur\u00f3 que m\u00faltiples \u00e1reas que antes funcionaban adecuadamente han colapsado.<\/p>\n\n\n\n<p>\u201cAnte esta situaci\u00f3n, el PLD tiene una gran oportunidad. Pero la suerte no toca la puerta de nadie; hay que trabajar, y nosotros estamos listos\u201d, afirm\u00f3.<\/p>\n\n\n\n<p>Asimismo, record\u00f3 unas declaraciones del presidente del PLD, Danilo Medina, quien se\u00f1al\u00f3 que \u201cel caballo est\u00e1 listo y solo falta el jinete\u201d. En ese sentido, Garc\u00eda asegur\u00f3 que el jinete est\u00e1 preparado.<\/p>\n\n\n\n<p>\u201cHemos recorrido el pa\u00eds en tres ocasiones, visitando a los dirigentes del PLD y escuchando a los distintos sectores productivos. La situaci\u00f3n es la misma en todas partes: la gente est\u00e1 desesperada ante este desgobierno del PRM\u201d, concluy\u00f3.<\/p>\n","protected":false},"excerpt":{"rendered":"<p>Francisco Javier Garc\u00eda, aspirante presidencial del Partido de la Liberaci\u00f3n Dominicana (PLD), afirm\u00f3 que el gobierno del Partido Revolucionario Moderno (PRM) llegar\u00e1 a su fin, al considerar que sus autoridades&hellip;<\/p>\n","protected":false},"author":2,"featured_media":2421,"comment_status":"open","ping_status":"open","sticky":false,"template":"","format":"standard","meta":{"_lmt_disableupdate":"","_lmt_disable":"","footnotes":""},"categories":[6],"tags":[],"class_list":["post-2420","post","type-post","status-publish","format-standard","has-post-thumbnail","hentry","category-politics"],"_links":{"self":[{"href":"https:\/\/espaciodigitalrd.com\/index.php\/wp-json\/wp\/v2\/posts\/2420","targetHints":{"allow":["GET"]}}],"collection":[{"href":"https:\/\/espaciodigitalrd.com\/index.php\/wp-json\/wp\/v2\/posts"}],"about":[{"href":"https:\/\/espaciodigitalrd.com\/index.php\/wp-json\/wp\/v2\/types\/post"}],"author":[{"embeddable":true,"href":"https:\/\/espaciodigitalrd.com\/index.php\/wp-json\/wp\/v2\/users\/2"}],"replies":[{"embeddable":true,"href":"https:\/\/espaciodigitalrd.com\/index.php\/wp-json\/wp\/v2\/comments?post=2420"}],"version-history":[{"count":1,"href":"https:\/\/espaciodigitalrd.com\/index.php\/wp-json\/wp\/v2\/posts\/2420\/revisions"}],"predecessor-version":[{"id":2422,"href":"https:\/\/espaciodigitalrd.com\/index.php\/wp-json\/wp\/v2\/posts\/2420\/revisions\/2422"}],"wp:featuredmedia":[{"embeddable":true,"href":"https:\/\/espaciodigitalrd.com\/index.php\/wp-json\/wp\/v2\/media\/2421"}],"wp:attachment":[{"href":"https:\/\/espaciodigitalrd.com\/index.php\/wp-json\/wp\/v2\/media?parent=2420"}],"wp:term":[{"taxonomy":"category","embeddable":true,"href":"https:\/\/espaciodigitalrd.com\/index.php\/wp-json\/wp\/v2\/categories?post=2420"},{"taxonomy":"post_tag","embeddable":true,"href":"https:\/\/espaciodigitalrd.com\/index.php\/wp-json\/wp\/v2\/tags?post=2420"}],"curies":[{"name":"wp","href":"https:\/\/api.w.org\/{rel}","templated":true}]}}