{"id":2423,"date":"2026-01-19T18:54:18","date_gmt":"2026-01-19T18:54:18","guid":{"rendered":"https:\/\/espaciodigitalrd.com\/?p=2423"},"modified":"2026-01-19T18:54:19","modified_gmt":"2026-01-19T18:54:19","slug":"evocarr-inaugura-sus-instalaciones-el-24-de-enero","status":"publish","type":"post","link":"https:\/\/espaciodigitalrd.com\/index.php\/2026\/01\/19\/evocarr-inaugura-sus-instalaciones-el-24-de-enero\/","title":{"rendered":"Evocarr inaugura sus instalaciones el 24 de enero"},"content":{"rendered":"\n<p>Con una misa solemne precedida por Monse\u00f1or Faustino Burgos Brisman, obispo de la di\u00f3cesis Bani-San Crist\u00f3bal, ser\u00e1 inaugurado el pabell\u00f3n techado de la escuela de Voleibol Carlos Ruiz. Evocarr, el s\u00e1bado 24 de enero a las 3:30 de la tarde.<br><br>Carlos Ruiz, presidente-fundador del proyecto deportivo agradeci\u00f3 al secretario general, David Dionicio la visi\u00f3n y persona clave en todo el trayecto de la construcci\u00f3n del recinto deportivo.<br><br>Al presidente de la Rep\u00fablica, Luis Abinader Corona, la instalaci\u00f3n del techo de la cancha un paso fundamental en la terminaci\u00f3n de la obra.<br><br>Fueron claves los aportes del ministro de Deportes Kelvin Cruz, con la donaci\u00f3n de la verja perimetral y la energ\u00eda el\u00e9ctrica,&nbsp;&nbsp; mientras Crist\u00f3bal Marte y la Norceca, obsequiaron el piso, equipamiento fundamental para la pr\u00e1ctica, quienes est\u00e1n invitados a la actividad cristiana.<br><br>Resalt\u00f3 el apoyo de todas las empresas y personas que colaboraron en el desarrollo y puesta en funcionamiento de la estructura.<br><br>Junto al equipo coordinador decidieron realizar el acto religioso para agradecer a Dios la culminaci\u00f3n exitosa de la instalaci\u00f3n que ha formado por 3 d\u00e9cadas cientos de j\u00f3venes.<br><br>Al evento religioso est\u00e1n invitados el senador Gustavo Lara, Nelson dela Rosa alcalde de la ciudad, Pura Casilla gobernadora provincial, los regidores, las alumnas de la escuela junto a sus padres.<br><br>La C\u00e1mara de Comercio,&nbsp; el Consejo Empresarial, de San Crist\u00f3bal, las exalumnas Juana Savi\u00f1\u00f3n, Carmen Caso y Cindy De Le\u00f3n, jugadoras ol\u00edmpicas y mundialistas, familiares, colaboradores, amigos, dirigentes&nbsp; de asociaciones deportivas y medios de comunicaci\u00f3n.<br><br>Con la eucarist\u00eda tambi\u00e9n se&nbsp; celebrar\u00e1 el 31 aniversario de la fundaci\u00f3n de la escuela, creada en 1994.&nbsp;<\/p>\n","protected":false},"excerpt":{"rendered":"<p>Con una misa solemne precedida por Monse\u00f1or Faustino Burgos Brisman, obispo de la di\u00f3cesis Bani-San Crist\u00f3bal, ser\u00e1 inaugurado el pabell\u00f3n techado de la escuela de Voleibol Carlos Ruiz. Evocarr, el&hellip;<\/p>\n","protected":false},"author":2,"featured_media":2424,"comment_status":"open","ping_status":"open","sticky":false,"template":"","format":"standard","meta":{"_lmt_disableupdate":"","_lmt_disable":"","footnotes":""},"categories":[8],"tags":[],"class_list":["post-2423","post","type-post","status-publish","format-standard","has-post-thumbnail","hentry","category-deportes"],"_links":{"self":[{"href":"https:\/\/espaciodigitalrd.com\/index.php\/wp-json\/wp\/v2\/posts\/2423","targetHints":{"allow":["GET"]}}],"collection":[{"href":"https:\/\/espaciodigitalrd.com\/index.php\/wp-json\/wp\/v2\/posts"}],"about":[{"href":"https:\/\/espaciodigitalrd.com\/index.php\/wp-json\/wp\/v2\/types\/post"}],"author":[{"embeddable":true,"href":"https:\/\/espaciodigitalrd.com\/index.php\/wp-json\/wp\/v2\/users\/2"}],"replies":[{"embeddable":true,"href":"https:\/\/espaciodigitalrd.com\/index.php\/wp-json\/wp\/v2\/comments?post=2423"}],"version-history":[{"count":1,"href":"https:\/\/espaciodigitalrd.com\/index.php\/wp-json\/wp\/v2\/posts\/2423\/revisions"}],"predecessor-version":[{"id":2425,"href":"https:\/\/espaciodigitalrd.com\/index.php\/wp-json\/wp\/v2\/posts\/2423\/revisions\/2425"}],"wp:featuredmedia":[{"embeddable":true,"href":"https:\/\/espaciodigitalrd.com\/index.php\/wp-json\/wp\/v2\/media\/2424"}],"wp:attachment":[{"href":"https:\/\/espaciodigitalrd.com\/index.php\/wp-json\/wp\/v2\/media?parent=2423"}],"wp:term":[{"taxonomy":"category","embeddable":true,"href":"https:\/\/espaciodigitalrd.com\/index.php\/wp-json\/wp\/v2\/categories?post=2423"},{"taxonomy":"post_tag","embeddable":true,"href":"https:\/\/espaciodigitalrd.com\/index.php\/wp-json\/wp\/v2\/tags?post=2423"}],"curies":[{"name":"wp","href":"https:\/\/api.w.org\/{rel}","templated":true}]}}