{"id":2532,"date":"2026-02-24T12:23:40","date_gmt":"2026-02-24T12:23:40","guid":{"rendered":"https:\/\/espaciodigitalrd.com\/?p=2532"},"modified":"2026-02-24T12:23:41","modified_gmt":"2026-02-24T12:23:41","slug":"francisco-javier-garcia-consolida-su-liderazgo-con-respaldo-masivo-del-comite-central","status":"publish","type":"post","link":"https:\/\/espaciodigitalrd.com\/index.php\/2026\/02\/24\/francisco-javier-garcia-consolida-su-liderazgo-con-respaldo-masivo-del-comite-central\/","title":{"rendered":"Francisco Javier Garc\u00eda consolida su liderazgo con respaldo masivo del Comit\u00e9 Central"},"content":{"rendered":"\n<p>El aspirante presidencial y miembro del Comit\u00e9 Pol\u00edtico del Partido de la Liberaci\u00f3n Dominicana (PLD), Francisco Javier Garc\u00eda, recibi\u00f3 un contundente respaldo de los miembros del Comit\u00e9 Central, lo que fortalece su liderazgo y lo posiciona para sus aspiraciones presidenciales.<br><br>En la ruta definida por el PLD para escoger a sus aspirantes presidenciales, los miembros del Comit\u00e9 Central fueron convocados al proceso de inscripci\u00f3n y presentaci\u00f3n de postulaciones, realizado en un ambiente de unidad, respeto y disciplina partidaria.<br><br>En esta primera reuni\u00f3n ordinaria del Comit\u00e9 Central del PLD se evidenci\u00f3 una gran representaci\u00f3n y entusiasmo de la dirigencia, que respald\u00f3 mayoritariamente a Francisco Javier Garc\u00eda, a quien definen como el representante de la unidad del partido y el \u00fanico con las capacidades para dirigir el pa\u00eds en los actuales momentos.<br><br>Francisco Javier ha salido fortalecido de este proceso, en el que los pelede\u00edstas manifestaron un contundente apoyo al alto dirigente del partido, fortaleciendo y respetando la institucionalidad, acorde con los ideales del l\u00edder y gu\u00eda, profesor Juan Bosch.<\/p>\n","protected":false},"excerpt":{"rendered":"<p>El aspirante presidencial y miembro del Comit\u00e9 Pol\u00edtico del Partido de la Liberaci\u00f3n Dominicana (PLD), Francisco Javier Garc\u00eda, recibi\u00f3 un contundente respaldo de los miembros del Comit\u00e9 Central, lo que&hellip;<\/p>\n","protected":false},"author":2,"featured_media":2533,"comment_status":"open","ping_status":"open","sticky":false,"template":"","format":"standard","meta":{"_lmt_disableupdate":"","_lmt_disable":"","footnotes":""},"categories":[6],"tags":[],"class_list":["post-2532","post","type-post","status-publish","format-standard","has-post-thumbnail","hentry","category-politics"],"_links":{"self":[{"href":"https:\/\/espaciodigitalrd.com\/index.php\/wp-json\/wp\/v2\/posts\/2532","targetHints":{"allow":["GET"]}}],"collection":[{"href":"https:\/\/espaciodigitalrd.com\/index.php\/wp-json\/wp\/v2\/posts"}],"about":[{"href":"https:\/\/espaciodigitalrd.com\/index.php\/wp-json\/wp\/v2\/types\/post"}],"author":[{"embeddable":true,"href":"https:\/\/espaciodigitalrd.com\/index.php\/wp-json\/wp\/v2\/users\/2"}],"replies":[{"embeddable":true,"href":"https:\/\/espaciodigitalrd.com\/index.php\/wp-json\/wp\/v2\/comments?post=2532"}],"version-history":[{"count":1,"href":"https:\/\/espaciodigitalrd.com\/index.php\/wp-json\/wp\/v2\/posts\/2532\/revisions"}],"predecessor-version":[{"id":2534,"href":"https:\/\/espaciodigitalrd.com\/index.php\/wp-json\/wp\/v2\/posts\/2532\/revisions\/2534"}],"wp:featuredmedia":[{"embeddable":true,"href":"https:\/\/espaciodigitalrd.com\/index.php\/wp-json\/wp\/v2\/media\/2533"}],"wp:attachment":[{"href":"https:\/\/espaciodigitalrd.com\/index.php\/wp-json\/wp\/v2\/media?parent=2532"}],"wp:term":[{"taxonomy":"category","embeddable":true,"href":"https:\/\/espaciodigitalrd.com\/index.php\/wp-json\/wp\/v2\/categories?post=2532"},{"taxonomy":"post_tag","embeddable":true,"href":"https:\/\/espaciodigitalrd.com\/index.php\/wp-json\/wp\/v2\/tags?post=2532"}],"curies":[{"name":"wp","href":"https:\/\/api.w.org\/{rel}","templated":true}]}}