{"id":2546,"date":"2026-03-11T12:17:49","date_gmt":"2026-03-11T12:17:49","guid":{"rendered":"https:\/\/espaciodigitalrd.com\/?p=2546"},"modified":"2026-03-11T12:18:21","modified_gmt":"2026-03-11T12:18:21","slug":"dirigentes-del-prm-y-autoridades-de-san-cristobal-despiden-al-regidor-mateo-rondon","status":"publish","type":"post","link":"https:\/\/espaciodigitalrd.com\/index.php\/2026\/03\/11\/dirigentes-del-prm-y-autoridades-de-san-cristobal-despiden-al-regidor-mateo-rondon\/","title":{"rendered":"Dirigentes del PRM y autoridades de San Crist\u00f3bal despiden al regidor Mateo Rond\u00f3n"},"content":{"rendered":"\n<p>Dirigentes y miembros del Partido Revolucionario Moderno (PRM) de San Crist\u00f3bal, regidores del municipio cabecera, as\u00ed como personalidades sociales y representantes de la prensa local, asistieron este martes al velatorio y sepultura del regidor Mateo Rond\u00f3n, realizado en el municipio de San Rafael del Yuma, provincia La Altagracia.<br><br>Previo al sepelio, los restos del edil fueron trasladados al local del PRM en esa localidad y posteriormente a la casa materna, donde familiares, amigos y allegados le rindieron homenaje p\u00f3stumo.<br><br>Durante las honras f\u00fanebres, los asistentes coincidieron en resaltar la calidad humana, la vocaci\u00f3n de servicio y el compromiso social que caracterizaron a Rond\u00f3n, quien falleci\u00f3 la madrugada del lunes 9 de marzo en un centro m\u00e9dico de San Crist\u00f3bal, tras enfrentar varias complicaciones de salud.<br><br>Aunque durante muchos a\u00f1os desarroll\u00f3 su vida p\u00fablica en San Crist\u00f3bal, desempe\u00f1\u00e1ndose como regidor y abogado, Rond\u00f3n hab\u00eda solicitado a sus familiares que, al momento de su fallecimiento, sus restos fueran sepultados en su tierra natal, San Rafael del Yuma.<br><br>En se\u00f1al de duelo, la Bandera Nacional que ondea en la explanada del Ayuntamiento Municipal de San Crist\u00f3bal fue colocada a media asta. Asimismo, la Sala Capitular del cabildo declar\u00f3 tres d\u00edas de duelo municipal en honor al fenecido regidor.<br><br>Diversas figuras del PRM expresaron su pesar por la partida del dirigente pol\u00edtico. Entre ellos, el ingeniero Rafael Salazar, presidente provincial del PRM en San Crist\u00f3bal, quien destac\u00f3 los aportes de Rond\u00f3n al fortalecimiento del partido y al desarrollo de su comunidad.<br><br>Al velatorio en San Rafael del Yuma asistieron los regidores del municipio de San Crist\u00f3bal: No\u00e9 Arias, presidente de la Sala Capitular; Manuel Ram\u00edrez, Andr\u00e9s Corpor\u00e1n, Felito Tejeda, Frankelis Tiburcio, Samuel Corpor\u00e1n, Luis Galv\u00e1n, Eddy Nova, Joel Cuevas, Arcadio Rosario, Alex Villa y Juan Jim\u00e9nez. Tambi\u00e9n estuvo presente el secretario de organizaci\u00f3n del PRM en San Crist\u00f3bal, Jos\u00e9 Fructuoso, el dirigente Jorge Hiche, entre otras personalidades&nbsp;<\/p>\n\n\n\n<figure class=\"wp-block-image size-large\"><img fetchpriority=\"high\" decoding=\"async\" width=\"1024\" height=\"683\" src=\"https:\/\/espaciodigitalrd.com\/wp-content\/uploads\/2026\/03\/mateo-1-1024x683.jpg\" alt=\"\" class=\"wp-image-2549\" srcset=\"https:\/\/espaciodigitalrd.com\/wp-content\/uploads\/2026\/03\/mateo-1-1024x683.jpg 1024w, https:\/\/espaciodigitalrd.com\/wp-content\/uploads\/2026\/03\/mateo-1-300x200.jpg 300w, https:\/\/espaciodigitalrd.com\/wp-content\/uploads\/2026\/03\/mateo-1-768x512.jpg 768w, https:\/\/espaciodigitalrd.com\/wp-content\/uploads\/2026\/03\/mateo-1-1170x780.jpg 1170w, https:\/\/espaciodigitalrd.com\/wp-content\/uploads\/2026\/03\/mateo-1-585x390.jpg 585w, https:\/\/espaciodigitalrd.com\/wp-content\/uploads\/2026\/03\/mateo-1-263x175.jpg 263w, https:\/\/espaciodigitalrd.com\/wp-content\/uploads\/2026\/03\/mateo-1.jpg 1500w\" sizes=\"(max-width: 1024px) 100vw, 1024px\" \/><\/figure>\n","protected":false},"excerpt":{"rendered":"<p>Dirigentes y miembros del Partido Revolucionario Moderno (PRM) de San Crist\u00f3bal, regidores del municipio cabecera, as\u00ed como personalidades sociales y representantes de la prensa local, asistieron este martes al velatorio&hellip;<\/p>\n","protected":false},"author":2,"featured_media":2547,"comment_status":"open","ping_status":"open","sticky":false,"template":"","format":"standard","meta":{"_lmt_disableupdate":"","_lmt_disable":"","footnotes":""},"categories":[2],"tags":[],"class_list":["post-2546","post","type-post","status-publish","format-standard","has-post-thumbnail","hentry","category-amenidades"],"_links":{"self":[{"href":"https:\/\/espaciodigitalrd.com\/index.php\/wp-json\/wp\/v2\/posts\/2546","targetHints":{"allow":["GET"]}}],"collection":[{"href":"https:\/\/espaciodigitalrd.com\/index.php\/wp-json\/wp\/v2\/posts"}],"about":[{"href":"https:\/\/espaciodigitalrd.com\/index.php\/wp-json\/wp\/v2\/types\/post"}],"author":[{"embeddable":true,"href":"https:\/\/espaciodigitalrd.com\/index.php\/wp-json\/wp\/v2\/users\/2"}],"replies":[{"embeddable":true,"href":"https:\/\/espaciodigitalrd.com\/index.php\/wp-json\/wp\/v2\/comments?post=2546"}],"version-history":[{"count":2,"href":"https:\/\/espaciodigitalrd.com\/index.php\/wp-json\/wp\/v2\/posts\/2546\/revisions"}],"predecessor-version":[{"id":2550,"href":"https:\/\/espaciodigitalrd.com\/index.php\/wp-json\/wp\/v2\/posts\/2546\/revisions\/2550"}],"wp:featuredmedia":[{"embeddable":true,"href":"https:\/\/espaciodigitalrd.com\/index.php\/wp-json\/wp\/v2\/media\/2547"}],"wp:attachment":[{"href":"https:\/\/espaciodigitalrd.com\/index.php\/wp-json\/wp\/v2\/media?parent=2546"}],"wp:term":[{"taxonomy":"category","embeddable":true,"href":"https:\/\/espaciodigitalrd.com\/index.php\/wp-json\/wp\/v2\/categories?post=2546"},{"taxonomy":"post_tag","embeddable":true,"href":"https:\/\/espaciodigitalrd.com\/index.php\/wp-json\/wp\/v2\/tags?post=2546"}],"curies":[{"name":"wp","href":"https:\/\/api.w.org\/{rel}","templated":true}]}}