{"id":2593,"date":"2026-04-27T18:45:25","date_gmt":"2026-04-27T18:45:25","guid":{"rendered":"https:\/\/espaciodigitalrd.com\/?p=2593"},"modified":"2026-04-27T18:45:25","modified_gmt":"2026-04-27T18:45:25","slug":"gustavo-restrepo-reconocido-urbanista-visita-san-cristobal","status":"publish","type":"post","link":"https:\/\/espaciodigitalrd.com\/index.php\/2026\/04\/27\/gustavo-restrepo-reconocido-urbanista-visita-san-cristobal\/","title":{"rendered":"Gustavo Restrepo reconocido urbanista visita San Crist\u00f3bal"},"content":{"rendered":"\n<p>El movimiento San Crist\u00f3bal Impecable invit\u00f3 a la ciudad benem\u00e9rita al reconocido urbanista colombiano Gustavo Restrepo, figura preponderante en la transformaci\u00f3n de Comuna 13 Medell\u00edn, Colombia un territorio convertido en un referente de turismo internacional.<br><br><\/p>\n\n\n\n<p>Este proyecto surge como un aspiracional de un grupo de ciudadanos que sue\u00f1an con una ciudad limpia, ordenada, sostenible y socialmente integrada.<br>Durante su estad\u00eda, el experimentado arquitecto tendr\u00e1 la oportunidad de hacer contacto con autoridades, gremios profesionales, comerciantes, empresarios, l\u00edderes comunitarios, adem\u00e1s de conocer los barrios de la riviera del rio Nigua y varios de los municipios que conforman la provincia.<br><br>El urbanista colombiano viene a esta ciudad con el objetivo de acompa\u00f1ar inspirar y orientar un proceso de transformaci\u00f3n urbana y social, basado en la experiencia internacional, enfocado en construir una identidad propia, combinando la ciudadan\u00eda activa, planificaci\u00f3n urbana y voluntad institucional.<br><br><\/p>\n\n\n\n<p>Restrepo indic\u00f3 que es muy dif\u00edcil que una pol\u00edtica de 4&nbsp; a\u00f1os pueda cambiar la tendencia actual de la ciudad de San Crist\u00f3bal, preciso que deber\u00edamos conversar para planificar por 21 a\u00f1os.<\/p>\n\n\n\n<p>Es egresado de la Universidad Pontificia Bolivariana de Medell\u00edn, con Postagrado en ingenier\u00eda de Nuevos Materiales, formaci\u00f3n complementaria en dise\u00f1o, construcci\u00f3n, planificaci\u00f3n urbana y tecnolog\u00eda aplicada a la arquitectura, fue responsable de ejecutar el Plan de Desarrollo de Medell\u00edn 2008-2011 en \u00e1reas claves como seguridad, movilidad, vivienda, educaci\u00f3n y espacio p\u00fablico.<br><br><br>Ganador del Holcim Awards Oro, para Am\u00e9rica Latina, uno de los premios m\u00e1s importantes en la arquitectura sostenible, ha sido reconocido en diversas bienales y espacios acad\u00e9micos de la regi\u00f3n, es consultor y conferencista reconocido por su papel en procesos de transformaci\u00f3n urbana y regeneraci\u00f3n de ciudades en contextos vulnerables.<br><br>San Crist\u00f3bal Impecable un espacio encabezado por el ing. Nardy Rodriguez, Victoria Montas, Annerys Cruz, Perla Brito, Delia Fontana, Franckesca Arias, kendy Rodr\u00edguez, Ruth Montas, Magdelin Brito, Sonia Perozo, Mateo de los Santos, entre otros mun\u00edcipes, que han decidido dar un paso al frente y hacer un aporte para el desarrollo municipal.<br><br><\/p>\n\n\n\n<p>Tambi\u00e9n forman parte del equipo Andr\u00e9s Guill\u00e9n, Mariel Belliard, \u00c1ngela de Le\u00f3n, Ang\u00e9lica de Belliard, Ricardo Mont\u00e1s y Matilde Guill\u00e9n\u00a0 <\/p>\n","protected":false},"excerpt":{"rendered":"<p>El movimiento San Crist\u00f3bal Impecable invit\u00f3 a la ciudad benem\u00e9rita al reconocido urbanista colombiano Gustavo Restrepo, figura preponderante en la transformaci\u00f3n de Comuna 13 Medell\u00edn, Colombia un territorio convertido en&hellip;<\/p>\n","protected":false},"author":2,"featured_media":2598,"comment_status":"open","ping_status":"open","sticky":false,"template":"","format":"standard","meta":{"_lmt_disableupdate":"","_lmt_disable":"","footnotes":""},"categories":[3],"tags":[],"class_list":["post-2593","post","type-post","status-publish","format-standard","has-post-thumbnail","hentry","category-actualidad"],"_links":{"self":[{"href":"https:\/\/espaciodigitalrd.com\/index.php\/wp-json\/wp\/v2\/posts\/2593","targetHints":{"allow":["GET"]}}],"collection":[{"href":"https:\/\/espaciodigitalrd.com\/index.php\/wp-json\/wp\/v2\/posts"}],"about":[{"href":"https:\/\/espaciodigitalrd.com\/index.php\/wp-json\/wp\/v2\/types\/post"}],"author":[{"embeddable":true,"href":"https:\/\/espaciodigitalrd.com\/index.php\/wp-json\/wp\/v2\/users\/2"}],"replies":[{"embeddable":true,"href":"https:\/\/espaciodigitalrd.com\/index.php\/wp-json\/wp\/v2\/comments?post=2593"}],"version-history":[{"count":1,"href":"https:\/\/espaciodigitalrd.com\/index.php\/wp-json\/wp\/v2\/posts\/2593\/revisions"}],"predecessor-version":[{"id":2599,"href":"https:\/\/espaciodigitalrd.com\/index.php\/wp-json\/wp\/v2\/posts\/2593\/revisions\/2599"}],"wp:featuredmedia":[{"embeddable":true,"href":"https:\/\/espaciodigitalrd.com\/index.php\/wp-json\/wp\/v2\/media\/2598"}],"wp:attachment":[{"href":"https:\/\/espaciodigitalrd.com\/index.php\/wp-json\/wp\/v2\/media?parent=2593"}],"wp:term":[{"taxonomy":"category","embeddable":true,"href":"https:\/\/espaciodigitalrd.com\/index.php\/wp-json\/wp\/v2\/categories?post=2593"},{"taxonomy":"post_tag","embeddable":true,"href":"https:\/\/espaciodigitalrd.com\/index.php\/wp-json\/wp\/v2\/tags?post=2593"}],"curies":[{"name":"wp","href":"https:\/\/api.w.org\/{rel}","templated":true}]}}